{"id":1693,"date":"2020-04-23T10:56:20","date_gmt":"2020-04-23T08:56:20","guid":{"rendered":"https:\/\/iesalhama.educacion.navarra.es\/web1\/erasmus\/?p=1693"},"modified":"2020-04-23T10:56:25","modified_gmt":"2020-04-23T08:56:25","slug":"seis-meses-y-diecisiete-dias","status":"publish","type":"post","link":"https:\/\/iesalhama.educacion.navarra.es\/web1\/erasmus\/2020\/04\/23\/seis-meses-y-diecisiete-dias\/","title":{"rendered":"Seis meses y diecisiete d\u00edas"},"content":{"rendered":"\n<p>Autora: Laura Arellano Atienza.<\/p>\n\n\n\n<figure class=\"wp-block-image size-large\"><img loading=\"lazy\" width=\"960\" height=\"432\" src=\"https:\/\/iesalhama.educacion.navarra.es\/web1\/erasmus\/wp-content\/uploads\/sites\/4\/2019\/10\/Copen5.jpg\" alt=\"\" class=\"wp-image-1144\" srcset=\"https:\/\/iesalhama.educacion.navarra.es\/web1\/erasmus\/wp-content\/uploads\/sites\/4\/2019\/10\/Copen5.jpg 960w, https:\/\/iesalhama.educacion.navarra.es\/web1\/erasmus\/wp-content\/uploads\/sites\/4\/2019\/10\/Copen5-300x135.jpg 300w, https:\/\/iesalhama.educacion.navarra.es\/web1\/erasmus\/wp-content\/uploads\/sites\/4\/2019\/10\/Copen5-768x346.jpg 768w\" sizes=\"(max-width: 960px) 100vw, 960px\" \/><\/figure>\n\n\n\n<p>Seis meses y diecisiete d\u00edas. Seis meses y diecisiete d\u00edas desde lo que ha sido, para m\u00ed, una de las mejores experiencias en mis 17 a\u00f1os. Seis meses y diecisiete d\u00edas desde que los conoc\u00ed: esos amigos a los que espero volver a ver en un futuro. Hoy, hace seis meses y diecisiete d\u00edas desde aquel 5 de octubre que me marc\u00f3 a fuego.<\/p>\n\n\n\n<p>Yo no era una alumna que se involucrara mucho en las actividades del instituto pero un d\u00eda To\u00f1o nos habl\u00f3 del Erasmus \u201cMovilidad sostenible, comunidad sostenible\u201d y yo me met\u00ed de cabeza desde el principio. Mi amiga Elba y yo decidimos montarnos en esta monta\u00f1a rusa juntas. Despu\u00e9s de ganarnos nuestros puntos haciendo diferentes tareas (art\u00edculos, recoger basura del ca6mpo, excursiones) y despu\u00e9s de conocer a muchos de los participantes Erasmus en la inmersi\u00f3n en Corella, nos ofrecieron ir a Dinamarca. Yo no me lo pens\u00e9 dos veces, llevaba queriendo ir a Copenhague toda mi vida y esa era una oportunidad que no pod\u00eda echar a perder.<\/p>\n\n\n\n<figure class=\"wp-block-image size-large\"><img loading=\"lazy\" width=\"960\" height=\"432\" src=\"https:\/\/iesalhama.educacion.navarra.es\/web1\/erasmus\/wp-content\/uploads\/sites\/4\/2019\/11\/Copen1.jpg\" alt=\"\" class=\"wp-image-1239\" srcset=\"https:\/\/iesalhama.educacion.navarra.es\/web1\/erasmus\/wp-content\/uploads\/sites\/4\/2019\/11\/Copen1.jpg 960w, https:\/\/iesalhama.educacion.navarra.es\/web1\/erasmus\/wp-content\/uploads\/sites\/4\/2019\/11\/Copen1-300x135.jpg 300w, https:\/\/iesalhama.educacion.navarra.es\/web1\/erasmus\/wp-content\/uploads\/sites\/4\/2019\/11\/Copen1-768x346.jpg 768w\" sizes=\"(max-width: 960px) 100vw, 960px\" \/><\/figure>\n\n\n\n<p>Nuestra aventura comenz\u00f3 un 5 de octubre, demasiado temprano para mi gusto. Tras varios viajes en tren y un avi\u00f3n, llegamos a la preciosa capital de Dinamarca. Esa noche y la ma\u00f1ana siguiente las dedicamos a explorar la ciudad por nuestra cuenta. Ya por la tarde, nos presentaron a las familias con las que \u00edbamos a convivir esa semana. Algunos, como Elba, ya conoc\u00edan a su familia porque era con la misma persona con la que hab\u00eda convivido en Corella. En mi caso, todo era nuevo. A la chica que se qued\u00f3 en mi casa en Corella, Luc\u00eda, la emparejaron con otra persona. No sab\u00eda qu\u00e9 esperar, pod\u00eda pasar cualquier cosa. Para mi suerte, resultaron ser la mejor familia de acogida posible. Jasmina, que era un a\u00f1o menor que yo, se convirti\u00f3 en mi mayor apoyo esos d\u00edas.&nbsp;<\/p>\n\n\n\n<p>Como era de esperar, al d\u00eda siguiente despu\u00e9s de algunas presentaciones, recorrimos Copenhague \u201cde la mejor manera posible\u201d, en bici. No he sido fan de la bici en mi vida, pero el sistema de infraestructuras para bicicletas lo tienen m\u00e1s que avanzado, es una pasada.&nbsp;<\/p>\n\n\n\n<figure class=\"wp-block-image size-large\"><img loading=\"lazy\" width=\"600\" height=\"400\" src=\"https:\/\/iesalhama.educacion.navarra.es\/web1\/erasmus\/wp-content\/uploads\/sites\/4\/2019\/10\/image-17.png\" alt=\"\" class=\"wp-image-1099\" srcset=\"https:\/\/iesalhama.educacion.navarra.es\/web1\/erasmus\/wp-content\/uploads\/sites\/4\/2019\/10\/image-17.png 600w, https:\/\/iesalhama.educacion.navarra.es\/web1\/erasmus\/wp-content\/uploads\/sites\/4\/2019\/10\/image-17-300x200.png 300w\" sizes=\"(max-width: 600px) 100vw, 600px\" \/><\/figure>\n\n\n\n<p>Elba y yo est\u00e1bamos en 1\u00ba de Bachillerato y no deb\u00edamos olvidarnos de eso. Si por el d\u00eda d\u00e1bamos vueltas en bici y paseos en barco, por la noche estudi\u00e1bamos sin parar. El curso acababa de empezar y\u00a0 no pod\u00edamos empezar con el pie izquierdo.<\/p>\n\n\n\n<figure class=\"wp-block-image size-large\"><img loading=\"lazy\" width=\"960\" height=\"432\" src=\"https:\/\/iesalhama.educacion.navarra.es\/web1\/erasmus\/wp-content\/uploads\/sites\/4\/2019\/11\/Copen6.jpg\" alt=\"\" class=\"wp-image-1240\" srcset=\"https:\/\/iesalhama.educacion.navarra.es\/web1\/erasmus\/wp-content\/uploads\/sites\/4\/2019\/11\/Copen6.jpg 960w, https:\/\/iesalhama.educacion.navarra.es\/web1\/erasmus\/wp-content\/uploads\/sites\/4\/2019\/11\/Copen6-300x135.jpg 300w, https:\/\/iesalhama.educacion.navarra.es\/web1\/erasmus\/wp-content\/uploads\/sites\/4\/2019\/11\/Copen6-768x346.jpg 768w\" sizes=\"(max-width: 960px) 100vw, 960px\" \/><\/figure>\n\n\n\n<p>Durante los dos d\u00edas siguientes no dejamos las bicis de lado en ning\u00fan momento. En realidad no fue ninguna sorpresa, sab\u00edamos a lo que \u00edbamos desde el principio. El principal objetivo del Erasmus es la promoci\u00f3n de la bici y de las relaciones intergeneracionales. La primera parte, la de la bici, ya la hab\u00edamos cubierto sin duda, nos faltaba completar la segunda. Una tarde, fuimos a una residencia de ancianos y all\u00ed conocimos a Ole Kassow, creador de \u201cEn bici sin edad\u201d, un movimiento presente en 2.200 ciudades del mundo.. Nos unimos a \u00e9l y a un par de ancianos de la residencia en su paseo en \u201cyayacleta\u201d por Copenhague. Mientras algunos \u00edbamos en bici, otros conduc\u00edan y acompa\u00f1aban. Yo disfrut\u00e9 un paseo con Finn, un hombre incre\u00edble. Me sorprendi\u00f3 que hablara un ingl\u00e9s tan fluido como el de cualquiera de nosotros. Fue un paseo inolvidable y \u00fanico y creo que todo el mundo deber\u00eda hacerlo, es sorprendente lo interesantes y divertidas que pueden llegar a ser las personas mayores.<\/p>\n\n\n\n<p>Ese d\u00eda nos prepararon la comida en la residencia pero era una comida un tanto particular. Repartieron los diferentes ingredientes por la mesa y nosotros ten\u00edamos que montar nuestros bocadillos. Chifly trajo chorizo pamplonica y los espa\u00f1oles, sin dudar ni un segundo, nos plantamos enfrente y ya no nos movimos. Entendedme, despu\u00e9s de estar comiendo toda la semana bocadillos de, literalmente, hierba, el chorizo fue como una bendici\u00f3n para nuestro est\u00f3mago.\u00a0<\/p>\n\n\n\n<figure class=\"wp-block-image size-large\"><img loading=\"lazy\" width=\"960\" height=\"432\" src=\"https:\/\/iesalhama.educacion.navarra.es\/web1\/erasmus\/wp-content\/uploads\/sites\/4\/2019\/10\/Smor2.jpg\" alt=\"\" class=\"wp-image-1134\" srcset=\"https:\/\/iesalhama.educacion.navarra.es\/web1\/erasmus\/wp-content\/uploads\/sites\/4\/2019\/10\/Smor2.jpg 960w, https:\/\/iesalhama.educacion.navarra.es\/web1\/erasmus\/wp-content\/uploads\/sites\/4\/2019\/10\/Smor2-300x135.jpg 300w, https:\/\/iesalhama.educacion.navarra.es\/web1\/erasmus\/wp-content\/uploads\/sites\/4\/2019\/10\/Smor2-768x346.jpg 768w\" sizes=\"(max-width: 960px) 100vw, 960px\" \/><\/figure>\n\n\n\n<p>El 11 de octubre toc\u00f3 decir adi\u00f3s a mis nuevos amigos y a mi familia danesa. La noche anterior hab\u00eda decidido escribir una carta de despedida y la escond\u00ed debajo de mi almohada. Decirles adi\u00f3s a ellos fue lo m\u00e1s dif\u00edcil.<\/p>\n\n\n\n<p>Esa ma\u00f1ana en el instituto el ambiente no era el mejor y eso se notaba. Todos sab\u00edamos lo que se acercaba y no pod\u00edamos hacer nada para evitarlo. Dos chicas que hab\u00eda conocido cuando vinieron a Corella me hicieron una entrevista para la radio de su instituto. Nos entregaron los diplomas y seguido vinieron las l\u00e1grimas, los abrazos y las promesas de volver a vernos. Creo que fui la \u00fanica que llor\u00f3, pero no me sorprendi\u00f3: soy la t\u00edpica persona que llora viendo un perro en un anuncio.&nbsp;<\/p>\n\n\n\n<p>Como nuestro avi\u00f3n sal\u00eda por la noche, nos llevaron despu\u00e9s de comer al parque T\u00edvoli para levantar el \u00e1nimo. Es precioso y perfecto para hacer fotos y eso fue lo que hicimos Elba y yo toda la tarde. Llegamos a Corella de madrugada y con el reciente recuerdo de todo lo que hab\u00edamos vivido grabado en nuestra mente para siempre. \u201cNo llores porque se ha acabado, sonr\u00ede porque sucedi\u00f3\u201d, me dijo un amigo nada m\u00e1s volver. No pod\u00eda haberlo dicho mejor.<\/p>\n","protected":false},"excerpt":{"rendered":"<p>Autora: Laura Arellano Atienza. Seis meses y diecisiete d\u00edas. Seis meses y diecisiete d\u00edas desde lo que ha sido, para m\u00ed, una de las mejores experiencias en mis 17 a\u00f1os. Seis meses y diecisiete d\u00edas desde que los conoc\u00ed: esos amigos a los que espero volver a ver en un futuro. Hoy, hace seis meses [&hellip;]<\/p>\n","protected":false},"author":6,"featured_media":1239,"comment_status":"open","ping_status":"open","sticky":false,"template":"","format":"standard","meta":{"_genesis_hide_title":false,"_genesis_hide_breadcrumbs":false,"_genesis_hide_singular_image":false,"_genesis_hide_footer_widgets":false,"_genesis_custom_body_class":"","_genesis_custom_post_class":"","_genesis_layout":""},"categories":[120,12,123,1],"tags":[70],"_links":{"self":[{"href":"https:\/\/iesalhama.educacion.navarra.es\/web1\/erasmus\/wp-json\/wp\/v2\/posts\/1693"}],"collection":[{"href":"https:\/\/iesalhama.educacion.navarra.es\/web1\/erasmus\/wp-json\/wp\/v2\/posts"}],"about":[{"href":"https:\/\/iesalhama.educacion.navarra.es\/web1\/erasmus\/wp-json\/wp\/v2\/types\/post"}],"author":[{"embeddable":true,"href":"https:\/\/iesalhama.educacion.navarra.es\/web1\/erasmus\/wp-json\/wp\/v2\/users\/6"}],"replies":[{"embeddable":true,"href":"https:\/\/iesalhama.educacion.navarra.es\/web1\/erasmus\/wp-json\/wp\/v2\/comments?post=1693"}],"version-history":[{"count":1,"href":"https:\/\/iesalhama.educacion.navarra.es\/web1\/erasmus\/wp-json\/wp\/v2\/posts\/1693\/revisions"}],"predecessor-version":[{"id":1694,"href":"https:\/\/iesalhama.educacion.navarra.es\/web1\/erasmus\/wp-json\/wp\/v2\/posts\/1693\/revisions\/1694"}],"wp:featuredmedia":[{"embeddable":true,"href":"https:\/\/iesalhama.educacion.navarra.es\/web1\/erasmus\/wp-json\/wp\/v2\/media\/1239"}],"wp:attachment":[{"href":"https:\/\/iesalhama.educacion.navarra.es\/web1\/erasmus\/wp-json\/wp\/v2\/media?parent=1693"}],"wp:term":[{"taxonomy":"category","embeddable":true,"href":"https:\/\/iesalhama.educacion.navarra.es\/web1\/erasmus\/wp-json\/wp\/v2\/categories?post=1693"},{"taxonomy":"post_tag","embeddable":true,"href":"https:\/\/iesalhama.educacion.navarra.es\/web1\/erasmus\/wp-json\/wp\/v2\/tags?post=1693"}],"curies":[{"name":"wp","href":"https:\/\/api.w.org\/{rel}","templated":true}]}}