{"id":44,"date":"2018-09-02T09:13:40","date_gmt":"2018-09-02T09:13:40","guid":{"rendered":"https:\/\/iesalhama.educacion.navarra.es\/web1\/religion\/?p=44"},"modified":"2018-09-28T09:14:15","modified_gmt":"2018-09-28T09:14:15","slug":"dos-o-mas","status":"publish","type":"post","link":"https:\/\/iesalhama.educacion.navarra.es\/web1\/religion\/2018\/09\/02\/dos-o-mas\/","title":{"rendered":"DOS O M\u00c1S"},"content":{"rendered":"<p>\u00abDos o m\u00e1s\u00bb es una iniciativa de la Viacar\u00eda de Ense\u00f1anza de la Di\u00f3cesis de Pamplona-Tudela. Su objetivo es que sea un punto de encuentro para alumnos de religi\u00f3n desde 2\u00ba de ESO a 2\u00ba de Bachillerato de toda Navarra.<\/p>\n<p>Cada curso escolar se organizan tres salidas con el fin de profundizar en la fe de los j\u00f3venes y adolescentes que participan en esta experiencia. Es una magn\u00edfica ocasi\u00f3n para vivir la fe y conocer a Cristo fuera de las aulas y de la rutina del d\u00eda a d\u00eda de clases e instituto.<\/p>\n<p><a href=\"http:\/\/dosomas09.wixsite.com\/dosomasweb\">http:\/\/dosomas09.wixsite.com\/dosomasweb<\/a><\/p>\n","protected":false},"excerpt":{"rendered":"<p>\u00abDos o m\u00e1s\u00bb es una iniciativa de la Viacar\u00eda de Ense\u00f1anza de la Di\u00f3cesis de Pamplona-Tudela. Su objetivo es que sea un punto de encuentro para alumnos de religi\u00f3n desde 2\u00ba de ESO a 2\u00ba de Bachillerato de toda Navarra. Cada curso escolar se organizan tres salidas con el fin de profundizar en la fe &hellip; <\/p>\n<p class=\"link-more\"><a href=\"https:\/\/iesalhama.educacion.navarra.es\/web1\/religion\/2018\/09\/02\/dos-o-mas\/\" class=\"more-link\">Continuar leyendo<span class=\"screen-reader-text\"> \u00abDOS O M\u00c1S\u00bb<\/span><\/a><\/p>\n","protected":false},"author":7,"featured_media":0,"comment_status":"open","ping_status":"open","sticky":false,"template":"","format":"standard","meta":[],"categories":[14],"tags":[],"_links":{"self":[{"href":"https:\/\/iesalhama.educacion.navarra.es\/web1\/religion\/wp-json\/wp\/v2\/posts\/44"}],"collection":[{"href":"https:\/\/iesalhama.educacion.navarra.es\/web1\/religion\/wp-json\/wp\/v2\/posts"}],"about":[{"href":"https:\/\/iesalhama.educacion.navarra.es\/web1\/religion\/wp-json\/wp\/v2\/types\/post"}],"author":[{"embeddable":true,"href":"https:\/\/iesalhama.educacion.navarra.es\/web1\/religion\/wp-json\/wp\/v2\/users\/7"}],"replies":[{"embeddable":true,"href":"https:\/\/iesalhama.educacion.navarra.es\/web1\/religion\/wp-json\/wp\/v2\/comments?post=44"}],"version-history":[{"count":1,"href":"https:\/\/iesalhama.educacion.navarra.es\/web1\/religion\/wp-json\/wp\/v2\/posts\/44\/revisions"}],"predecessor-version":[{"id":45,"href":"https:\/\/iesalhama.educacion.navarra.es\/web1\/religion\/wp-json\/wp\/v2\/posts\/44\/revisions\/45"}],"wp:attachment":[{"href":"https:\/\/iesalhama.educacion.navarra.es\/web1\/religion\/wp-json\/wp\/v2\/media?parent=44"}],"wp:term":[{"taxonomy":"category","embeddable":true,"href":"https:\/\/iesalhama.educacion.navarra.es\/web1\/religion\/wp-json\/wp\/v2\/categories?post=44"},{"taxonomy":"post_tag","embeddable":true,"href":"https:\/\/iesalhama.educacion.navarra.es\/web1\/religion\/wp-json\/wp\/v2\/tags?post=44"}],"curies":[{"name":"wp","href":"https:\/\/api.w.org\/{rel}","templated":true}]}}