{"id":47,"date":"2018-09-28T09:22:32","date_gmt":"2018-09-28T09:22:32","guid":{"rendered":"https:\/\/iesalhama.educacion.navarra.es\/web1\/religion\/?p=47"},"modified":"2018-09-28T09:34:57","modified_gmt":"2018-09-28T09:34:57","slug":"iranzu-2018","status":"publish","type":"post","link":"https:\/\/iesalhama.educacion.navarra.es\/web1\/religion\/2018\/09\/28\/iranzu-2018\/","title":{"rendered":"Iranzu 2018"},"content":{"rendered":"<p><img loading=\"lazy\" class=\"irc_mi alignright\" style=\"margin-top: 59px\" src=\"http:\/\/2.bp.blogspot.com\/-2IAuz4T4yrU\/Tv9i8wkRSWI\/AAAAAAAABkY\/zigXVmUKGqg\/s275\/las-cronicas-de-narnia-el-leon-la-bruja-y-el-ropero.jpg\" alt=\"Resultado de imagen de narnia leon bruja armario\" width=\"166\" height=\"275\" \/><\/p>\n<p>El pr\u00f3ximo domingo 18 de noviembre, en el Monasterio de Irantzu (Navarra) tendr\u00e1 lugar el primero de los viajes a Narnia de este curso.<\/p>\n<p>Los personajes de Narnia, de \u00abEl Le\u00f3n, la Bruja y el Armario\u00bb y t\u00fa ser\u00e9is los protagonistas.<\/p>\n<p>Si quieres participar en esta magn\u00edfica experiencia consulta con tu profesor o catequista.<\/p>\n","protected":false},"excerpt":{"rendered":"<p>El pr\u00f3ximo domingo 18 de noviembre, en el Monasterio de Irantzu (Navarra) tendr\u00e1 lugar el primero de los viajes a Narnia de este curso. Los personajes de Narnia, de \u00abEl Le\u00f3n, la Bruja y el Armario\u00bb y t\u00fa ser\u00e9is los protagonistas. Si quieres participar en esta magn\u00edfica experiencia consulta con tu profesor o catequista.<\/p>\n","protected":false},"author":7,"featured_media":0,"comment_status":"open","ping_status":"open","sticky":false,"template":"","format":"standard","meta":[],"categories":[8],"tags":[22],"_links":{"self":[{"href":"https:\/\/iesalhama.educacion.navarra.es\/web1\/religion\/wp-json\/wp\/v2\/posts\/47"}],"collection":[{"href":"https:\/\/iesalhama.educacion.navarra.es\/web1\/religion\/wp-json\/wp\/v2\/posts"}],"about":[{"href":"https:\/\/iesalhama.educacion.navarra.es\/web1\/religion\/wp-json\/wp\/v2\/types\/post"}],"author":[{"embeddable":true,"href":"https:\/\/iesalhama.educacion.navarra.es\/web1\/religion\/wp-json\/wp\/v2\/users\/7"}],"replies":[{"embeddable":true,"href":"https:\/\/iesalhama.educacion.navarra.es\/web1\/religion\/wp-json\/wp\/v2\/comments?post=47"}],"version-history":[{"count":1,"href":"https:\/\/iesalhama.educacion.navarra.es\/web1\/religion\/wp-json\/wp\/v2\/posts\/47\/revisions"}],"predecessor-version":[{"id":48,"href":"https:\/\/iesalhama.educacion.navarra.es\/web1\/religion\/wp-json\/wp\/v2\/posts\/47\/revisions\/48"}],"wp:attachment":[{"href":"https:\/\/iesalhama.educacion.navarra.es\/web1\/religion\/wp-json\/wp\/v2\/media?parent=47"}],"wp:term":[{"taxonomy":"category","embeddable":true,"href":"https:\/\/iesalhama.educacion.navarra.es\/web1\/religion\/wp-json\/wp\/v2\/categories?post=47"},{"taxonomy":"post_tag","embeddable":true,"href":"https:\/\/iesalhama.educacion.navarra.es\/web1\/religion\/wp-json\/wp\/v2\/tags?post=47"}],"curies":[{"name":"wp","href":"https:\/\/api.w.org\/{rel}","templated":true}]}}