{"id":10139,"date":"2023-06-26T13:19:43","date_gmt":"2023-06-26T11:19:43","guid":{"rendered":"https:\/\/iesalhama.educacion.navarra.es\/web1\/?p=10139"},"modified":"2023-09-04T11:58:35","modified_gmt":"2023-09-04T09:58:35","slug":"extra-extra-la-nueva-torre-ya-esta-aqui","status":"publish","type":"post","link":"https:\/\/iesalhama.educacion.navarra.es\/web1\/extra-extra-la-nueva-torre-ya-esta-aqui\/","title":{"rendered":"\u00a1EXTRA! \u00a1EXTRA!  La nueva Torre ya est\u00e1 aqu\u00ed"},"content":{"rendered":"<p>El nuevo n\u00famero de la revista escolar del IES Alhama ya esta publicado. Como novedad este a\u00f1o hemos creado una secci\u00f3n web para incluir todos los n\u00fameros anteriormente publicados. Esperamos que pod\u00e1is dedicar unos minutos para ver y leer este magazine repleto de curiosidades de los \u00faltimos cursos.&nbsp;<\/p>\n\n\n<div class=\"wp-block-image\"><figure class=\"aligncenter size-full is-resized\"><img loading=\"lazy\" src=\"https:\/\/iesalhama.educacion.navarra.es\/web1\/wp-content\/uploads\/2023\/06\/Torre_del_Alhama_09_portada.jpg\" alt=\"\" class=\"wp-image-10140\" width=\"368\" height=\"521\" srcset=\"https:\/\/iesalhama.educacion.navarra.es\/web1\/wp-content\/uploads\/2023\/06\/Torre_del_Alhama_09_portada.jpg 620w, https:\/\/iesalhama.educacion.navarra.es\/web1\/wp-content\/uploads\/2023\/06\/Torre_del_Alhama_09_portada-212x300.jpg 212w\" sizes=\"(max-width: 368px) 100vw, 368px\" \/><\/figure><\/div>\n\n\n<p style=\"text-align: center\">La secci\u00f3n de la revista \u00abLa Torre del Alhama\u00bb <a href=\"https:\/\/iesalhama.educacion.navarra.es\/web1\/revista-la-torre-del-alhama\/\">aqu\u00ed<\/a>.<\/p>","protected":false},"excerpt":{"rendered":"<p>El nuevo n\u00famero de la revista escolar del IES Alhama ya esta publicado. Como novedad este a\u00f1o hemos creado una secci\u00f3n web para incluir todos los n\u00fameros anteriormente publicados. Esperamos que pod\u00e1is dedicar unos minutos para ver y leer este magazine repleto de curiosidades de los \u00faltimos cursos.&nbsp; La secci\u00f3n de la revista \u00abLa Torre [&hellip;]<\/p>\n","protected":false},"author":11,"featured_media":10143,"comment_status":"open","ping_status":"open","sticky":false,"template":"","format":"standard","meta":{"_genesis_hide_title":false,"_genesis_hide_breadcrumbs":false,"_genesis_hide_singular_image":false,"_genesis_hide_footer_widgets":false,"_genesis_custom_body_class":"","_genesis_custom_post_class":"","_genesis_layout":""},"categories":[89,90,1,72],"tags":[],"_links":{"self":[{"href":"https:\/\/iesalhama.educacion.navarra.es\/web1\/wp-json\/wp\/v2\/posts\/10139"}],"collection":[{"href":"https:\/\/iesalhama.educacion.navarra.es\/web1\/wp-json\/wp\/v2\/posts"}],"about":[{"href":"https:\/\/iesalhama.educacion.navarra.es\/web1\/wp-json\/wp\/v2\/types\/post"}],"author":[{"embeddable":true,"href":"https:\/\/iesalhama.educacion.navarra.es\/web1\/wp-json\/wp\/v2\/users\/11"}],"replies":[{"embeddable":true,"href":"https:\/\/iesalhama.educacion.navarra.es\/web1\/wp-json\/wp\/v2\/comments?post=10139"}],"version-history":[{"count":5,"href":"https:\/\/iesalhama.educacion.navarra.es\/web1\/wp-json\/wp\/v2\/posts\/10139\/revisions"}],"predecessor-version":[{"id":11511,"href":"https:\/\/iesalhama.educacion.navarra.es\/web1\/wp-json\/wp\/v2\/posts\/10139\/revisions\/11511"}],"wp:featuredmedia":[{"embeddable":true,"href":"https:\/\/iesalhama.educacion.navarra.es\/web1\/wp-json\/wp\/v2\/media\/10143"}],"wp:attachment":[{"href":"https:\/\/iesalhama.educacion.navarra.es\/web1\/wp-json\/wp\/v2\/media?parent=10139"}],"wp:term":[{"taxonomy":"category","embeddable":true,"href":"https:\/\/iesalhama.educacion.navarra.es\/web1\/wp-json\/wp\/v2\/categories?post=10139"},{"taxonomy":"post_tag","embeddable":true,"href":"https:\/\/iesalhama.educacion.navarra.es\/web1\/wp-json\/wp\/v2\/tags?post=10139"}],"curies":[{"name":"wp","href":"https:\/\/api.w.org\/{rel}","templated":true}]}}