{"id":10926,"date":"2024-02-01T18:41:43","date_gmt":"2024-02-01T17:41:43","guid":{"rendered":"https:\/\/iesalhama.educacion.navarra.es\/web1\/?p=10926"},"modified":"2024-02-01T18:41:44","modified_gmt":"2024-02-01T17:41:44","slug":"semana-de-la-paz-en-el-ies-alhama","status":"publish","type":"post","link":"https:\/\/iesalhama.educacion.navarra.es\/web1\/semana-de-la-paz-en-el-ies-alhama\/","title":{"rendered":"SEMANA DE LA PAZ EN EL IES ALHAMA"},"content":{"rendered":"\n<p>Con motivo del <strong>D\u00eda Escolar de la Paz<\/strong>, el instituto organiz\u00f3 una serie de actuaciones para dar visibilidad a todas aquellas personas que est\u00e1n sufriendo las consecuencias de los diferentes conflictos b\u00e9licos del mundo. <\/p>\n\n\n\n<p>El objetivo que se persigue es sensibilizar al alumnado de esa realidad, por eso en las tutor\u00edas se ha estado trabajando el tema. Adem\u00e1s, el alumnado ha podido <strong>visitar la exposici\u00f3n<em>\u00a0\u00bb Huir para vivir\u00bb<\/em><\/strong><em>\u00a0<\/em>y reflexionar acerca de las situaciones\u00a0 de movilidad humana, que conllevan las guerras y los conflictos armados.\u00a0<\/p>\n\n\n\n<p>El centro tambi\u00e9n se moviliz\u00f3 y el <strong>d\u00eda 30 de enero sali\u00f3 a la entrada del instituto para realizar una concentraci\u00f3n donde se ley\u00f3 un manifiesto en favor de la Paz y se guard\u00f3 un minuto de silencio<\/strong> por todas las v\u00edctimas de las guerras.\u00a0<\/p>\n\n\n\n<p>Por \u00faltimo, <strong>la agrupaci\u00f3n musical del IES ALHAMA<\/strong> puso la nota musical a este deseo de imaginar a toda la gente en paz. Interpretaron la canci\u00f3n de \u00abImagine\u00bb, esperando que el mundo se una a nuestra esperanza y se convierta en otro.<\/p>\n\n\n\n<figure class=\"wp-block-image size-large\"><img loading=\"lazy\" width=\"1024\" height=\"768\" src=\"https:\/\/iesalhama.educacion.navarra.es\/web1\/wp-content\/uploads\/2024\/02\/IMG_5779_resultado-1024x768.jpg\" alt=\"\" class=\"wp-image-10928\" srcset=\"https:\/\/iesalhama.educacion.navarra.es\/web1\/wp-content\/uploads\/2024\/02\/IMG_5779_resultado-1024x768.jpg 1024w, https:\/\/iesalhama.educacion.navarra.es\/web1\/wp-content\/uploads\/2024\/02\/IMG_5779_resultado-300x225.jpg 300w, https:\/\/iesalhama.educacion.navarra.es\/web1\/wp-content\/uploads\/2024\/02\/IMG_5779_resultado-768x576.jpg 768w, https:\/\/iesalhama.educacion.navarra.es\/web1\/wp-content\/uploads\/2024\/02\/IMG_5779_resultado-1536x1152.jpg 1536w, https:\/\/iesalhama.educacion.navarra.es\/web1\/wp-content\/uploads\/2024\/02\/IMG_5779_resultado-2048x1536.jpg 2048w\" sizes=\"(max-width: 1024px) 100vw, 1024px\" \/><\/figure>\n\n\n\n<figure class=\"wp-block-image size-large\"><img loading=\"lazy\" width=\"1024\" height=\"907\" src=\"https:\/\/iesalhama.educacion.navarra.es\/web1\/wp-content\/uploads\/2024\/02\/20240130_111024-1_resultado-1024x907.jpg\" alt=\"\" class=\"wp-image-10927\" srcset=\"https:\/\/iesalhama.educacion.navarra.es\/web1\/wp-content\/uploads\/2024\/02\/20240130_111024-1_resultado-1024x907.jpg 1024w, https:\/\/iesalhama.educacion.navarra.es\/web1\/wp-content\/uploads\/2024\/02\/20240130_111024-1_resultado-300x266.jpg 300w, https:\/\/iesalhama.educacion.navarra.es\/web1\/wp-content\/uploads\/2024\/02\/20240130_111024-1_resultado-768x680.jpg 768w, https:\/\/iesalhama.educacion.navarra.es\/web1\/wp-content\/uploads\/2024\/02\/20240130_111024-1_resultado-1536x1360.jpg 1536w, https:\/\/iesalhama.educacion.navarra.es\/web1\/wp-content\/uploads\/2024\/02\/20240130_111024-1_resultado-2048x1814.jpg 2048w\" sizes=\"(max-width: 1024px) 100vw, 1024px\" \/><\/figure>\n\n\n\n<figure class=\"wp-block-gallery has-nested-images columns-default is-cropped\">\n<figure class=\"wp-block-image size-large\"><img loading=\"lazy\" width=\"1024\" height=\"766\" data-id=\"10929\"  src=\"https:\/\/iesalhama.educacion.navarra.es\/web1\/wp-content\/uploads\/2024\/02\/1706791608740_resultado-1024x766.jpg\" alt=\"\" class=\"wp-image-10929\" srcset=\"https:\/\/iesalhama.educacion.navarra.es\/web1\/wp-content\/uploads\/2024\/02\/1706791608740_resultado-1024x766.jpg 1024w, https:\/\/iesalhama.educacion.navarra.es\/web1\/wp-content\/uploads\/2024\/02\/1706791608740_resultado-300x224.jpg 300w, https:\/\/iesalhama.educacion.navarra.es\/web1\/wp-content\/uploads\/2024\/02\/1706791608740_resultado-768x574.jpg 768w, https:\/\/iesalhama.educacion.navarra.es\/web1\/wp-content\/uploads\/2024\/02\/1706791608740_resultado-1536x1149.jpg 1536w, https:\/\/iesalhama.educacion.navarra.es\/web1\/wp-content\/uploads\/2024\/02\/1706791608740_resultado-2048x1532.jpg 2048w\" sizes=\"(max-width: 1024px) 100vw, 1024px\" \/><\/figure>\n<\/figure>\n","protected":false},"excerpt":{"rendered":"<p>Con motivo del D\u00eda Escolar de la Paz, el instituto organiz\u00f3 una serie de actuaciones para dar visibilidad a todas aquellas personas que est\u00e1n sufriendo las consecuencias de los diferentes conflictos b\u00e9licos del mundo. El objetivo que se persigue es sensibilizar al alumnado de esa realidad, por eso en las tutor\u00edas se ha estado trabajando [&hellip;]<\/p>\n","protected":false},"author":12,"featured_media":10927,"comment_status":"open","ping_status":"open","sticky":false,"template":"","format":"standard","meta":{"_genesis_hide_title":false,"_genesis_hide_breadcrumbs":false,"_genesis_hide_singular_image":false,"_genesis_hide_footer_widgets":false,"_genesis_custom_body_class":"","_genesis_custom_post_class":"","_genesis_layout":""},"categories":[90,1,72],"tags":[],"_links":{"self":[{"href":"https:\/\/iesalhama.educacion.navarra.es\/web1\/wp-json\/wp\/v2\/posts\/10926"}],"collection":[{"href":"https:\/\/iesalhama.educacion.navarra.es\/web1\/wp-json\/wp\/v2\/posts"}],"about":[{"href":"https:\/\/iesalhama.educacion.navarra.es\/web1\/wp-json\/wp\/v2\/types\/post"}],"author":[{"embeddable":true,"href":"https:\/\/iesalhama.educacion.navarra.es\/web1\/wp-json\/wp\/v2\/users\/12"}],"replies":[{"embeddable":true,"href":"https:\/\/iesalhama.educacion.navarra.es\/web1\/wp-json\/wp\/v2\/comments?post=10926"}],"version-history":[{"count":2,"href":"https:\/\/iesalhama.educacion.navarra.es\/web1\/wp-json\/wp\/v2\/posts\/10926\/revisions"}],"predecessor-version":[{"id":10931,"href":"https:\/\/iesalhama.educacion.navarra.es\/web1\/wp-json\/wp\/v2\/posts\/10926\/revisions\/10931"}],"wp:featuredmedia":[{"embeddable":true,"href":"https:\/\/iesalhama.educacion.navarra.es\/web1\/wp-json\/wp\/v2\/media\/10927"}],"wp:attachment":[{"href":"https:\/\/iesalhama.educacion.navarra.es\/web1\/wp-json\/wp\/v2\/media?parent=10926"}],"wp:term":[{"taxonomy":"category","embeddable":true,"href":"https:\/\/iesalhama.educacion.navarra.es\/web1\/wp-json\/wp\/v2\/categories?post=10926"},{"taxonomy":"post_tag","embeddable":true,"href":"https:\/\/iesalhama.educacion.navarra.es\/web1\/wp-json\/wp\/v2\/tags?post=10926"}],"curies":[{"name":"wp","href":"https:\/\/api.w.org\/{rel}","templated":true}]}}