{"id":10973,"date":"2024-02-15T20:12:26","date_gmt":"2024-02-15T19:12:26","guid":{"rendered":"https:\/\/iesalhama.educacion.navarra.es\/web1\/?p=10973"},"modified":"2024-02-15T20:12:26","modified_gmt":"2024-02-15T19:12:26","slug":"la-fpb-explora-el-mundo-de-la-ternera-navarra","status":"publish","type":"post","link":"https:\/\/iesalhama.educacion.navarra.es\/web1\/la-fpb-explora-el-mundo-de-la-ternera-navarra\/","title":{"rendered":"La FPB explora el mundo de la ternera Navarra"},"content":{"rendered":"\n<p>La<strong> Formaci\u00f3n Profesional B\u00e1sica<\/strong> aprende un poco m\u00e1s, sobre la <strong>ternera de navarra.<\/strong><\/p>\n\n\n\n<p>Gracias a la <strong>formaci\u00f3n recibida a trav\u00e9s del INTIA y Reyno Gourmet.<\/strong> Agradecer tambi\u00e9n su colaboraci\u00f3n con el IES Alhama .<\/p>\n\n\n\n<figure class=\"wp-block-gallery has-nested-images columns-default is-cropped\">\n<figure class=\"wp-block-image size-large\"><img loading=\"lazy\" width=\"1024\" height=\"461\" data-id=\"10975\"  src=\"https:\/\/iesalhama.educacion.navarra.es\/web1\/wp-content\/uploads\/2024\/02\/20240215_113216_resultado-1024x461.jpg\" alt=\"\" class=\"wp-image-10975\" srcset=\"https:\/\/iesalhama.educacion.navarra.es\/web1\/wp-content\/uploads\/2024\/02\/20240215_113216_resultado-1024x461.jpg 1024w, https:\/\/iesalhama.educacion.navarra.es\/web1\/wp-content\/uploads\/2024\/02\/20240215_113216_resultado-300x135.jpg 300w, https:\/\/iesalhama.educacion.navarra.es\/web1\/wp-content\/uploads\/2024\/02\/20240215_113216_resultado-768x346.jpg 768w, https:\/\/iesalhama.educacion.navarra.es\/web1\/wp-content\/uploads\/2024\/02\/20240215_113216_resultado-1536x692.jpg 1536w, https:\/\/iesalhama.educacion.navarra.es\/web1\/wp-content\/uploads\/2024\/02\/20240215_113216_resultado-2048x923.jpg 2048w\" sizes=\"(max-width: 1024px) 100vw, 1024px\" \/><\/figure>\n<\/figure>\n\n\n\n<figure class=\"wp-block-gallery has-nested-images columns-default is-cropped\">\n<figure class=\"wp-block-image size-large\"><img loading=\"lazy\" width=\"462\" height=\"1024\" data-id=\"10976\"  src=\"https:\/\/iesalhama.educacion.navarra.es\/web1\/wp-content\/uploads\/2024\/02\/20240215_100211_resultado-462x1024.jpg\" alt=\"\" class=\"wp-image-10976\" srcset=\"https:\/\/iesalhama.educacion.navarra.es\/web1\/wp-content\/uploads\/2024\/02\/20240215_100211_resultado-462x1024.jpg 462w, https:\/\/iesalhama.educacion.navarra.es\/web1\/wp-content\/uploads\/2024\/02\/20240215_100211_resultado-135x300.jpg 135w, https:\/\/iesalhama.educacion.navarra.es\/web1\/wp-content\/uploads\/2024\/02\/20240215_100211_resultado-768x1704.jpg 768w, https:\/\/iesalhama.educacion.navarra.es\/web1\/wp-content\/uploads\/2024\/02\/20240215_100211_resultado-692x1536.jpg 692w, https:\/\/iesalhama.educacion.navarra.es\/web1\/wp-content\/uploads\/2024\/02\/20240215_100211_resultado-923x2048.jpg 923w, https:\/\/iesalhama.educacion.navarra.es\/web1\/wp-content\/uploads\/2024\/02\/20240215_100211_resultado-scaled.jpg 1154w\" sizes=\"(max-width: 462px) 100vw, 462px\" \/><\/figure>\n\n\n\n<figure class=\"wp-block-image size-large\"><img loading=\"lazy\" width=\"462\" height=\"1024\" data-id=\"10977\"  src=\"https:\/\/iesalhama.educacion.navarra.es\/web1\/wp-content\/uploads\/2024\/02\/20240215_100904_resultado-462x1024.jpg\" alt=\"\" class=\"wp-image-10977\" srcset=\"https:\/\/iesalhama.educacion.navarra.es\/web1\/wp-content\/uploads\/2024\/02\/20240215_100904_resultado-462x1024.jpg 462w, https:\/\/iesalhama.educacion.navarra.es\/web1\/wp-content\/uploads\/2024\/02\/20240215_100904_resultado-135x300.jpg 135w, https:\/\/iesalhama.educacion.navarra.es\/web1\/wp-content\/uploads\/2024\/02\/20240215_100904_resultado-768x1704.jpg 768w, https:\/\/iesalhama.educacion.navarra.es\/web1\/wp-content\/uploads\/2024\/02\/20240215_100904_resultado-692x1536.jpg 692w, https:\/\/iesalhama.educacion.navarra.es\/web1\/wp-content\/uploads\/2024\/02\/20240215_100904_resultado-923x2048.jpg 923w, https:\/\/iesalhama.educacion.navarra.es\/web1\/wp-content\/uploads\/2024\/02\/20240215_100904_resultado-scaled.jpg 1154w\" sizes=\"(max-width: 462px) 100vw, 462px\" \/><\/figure>\n\n\n\n<figure class=\"wp-block-image size-large\"><img loading=\"lazy\" width=\"462\" height=\"1024\" data-id=\"10978\"  src=\"https:\/\/iesalhama.educacion.navarra.es\/web1\/wp-content\/uploads\/2024\/02\/20240215_103615_resultado-462x1024.jpg\" alt=\"\" class=\"wp-image-10978\" srcset=\"https:\/\/iesalhama.educacion.navarra.es\/web1\/wp-content\/uploads\/2024\/02\/20240215_103615_resultado-462x1024.jpg 462w, https:\/\/iesalhama.educacion.navarra.es\/web1\/wp-content\/uploads\/2024\/02\/20240215_103615_resultado-135x300.jpg 135w, https:\/\/iesalhama.educacion.navarra.es\/web1\/wp-content\/uploads\/2024\/02\/20240215_103615_resultado-768x1704.jpg 768w, https:\/\/iesalhama.educacion.navarra.es\/web1\/wp-content\/uploads\/2024\/02\/20240215_103615_resultado-692x1536.jpg 692w, https:\/\/iesalhama.educacion.navarra.es\/web1\/wp-content\/uploads\/2024\/02\/20240215_103615_resultado-923x2048.jpg 923w, https:\/\/iesalhama.educacion.navarra.es\/web1\/wp-content\/uploads\/2024\/02\/20240215_103615_resultado-scaled.jpg 1154w\" sizes=\"(max-width: 462px) 100vw, 462px\" \/><\/figure>\n<\/figure>\n\n\n\n<figure class=\"wp-block-image size-large\"><img loading=\"lazy\" width=\"1024\" height=\"461\" src=\"https:\/\/iesalhama.educacion.navarra.es\/web1\/wp-content\/uploads\/2024\/02\/20240215_113212_resultado-1024x461.jpg\" alt=\"\" class=\"wp-image-10979\" srcset=\"https:\/\/iesalhama.educacion.navarra.es\/web1\/wp-content\/uploads\/2024\/02\/20240215_113212_resultado-1024x461.jpg 1024w, https:\/\/iesalhama.educacion.navarra.es\/web1\/wp-content\/uploads\/2024\/02\/20240215_113212_resultado-300x135.jpg 300w, https:\/\/iesalhama.educacion.navarra.es\/web1\/wp-content\/uploads\/2024\/02\/20240215_113212_resultado-768x346.jpg 768w, https:\/\/iesalhama.educacion.navarra.es\/web1\/wp-content\/uploads\/2024\/02\/20240215_113212_resultado-1536x692.jpg 1536w, https:\/\/iesalhama.educacion.navarra.es\/web1\/wp-content\/uploads\/2024\/02\/20240215_113212_resultado-2048x923.jpg 2048w\" sizes=\"(max-width: 1024px) 100vw, 1024px\" \/><\/figure>\n","protected":false},"excerpt":{"rendered":"<p>La Formaci\u00f3n Profesional B\u00e1sica aprende un poco m\u00e1s, sobre la ternera de navarra. Gracias a la formaci\u00f3n recibida a trav\u00e9s del INTIA y Reyno Gourmet. Agradecer tambi\u00e9n su colaboraci\u00f3n con el IES Alhama .<\/p>\n","protected":false},"author":12,"featured_media":10975,"comment_status":"open","ping_status":"open","sticky":false,"template":"","format":"standard","meta":{"_genesis_hide_title":false,"_genesis_hide_breadcrumbs":false,"_genesis_hide_singular_image":false,"_genesis_hide_footer_widgets":false,"_genesis_custom_body_class":"","_genesis_custom_post_class":"","_genesis_layout":""},"categories":[90,1,72],"tags":[],"_links":{"self":[{"href":"https:\/\/iesalhama.educacion.navarra.es\/web1\/wp-json\/wp\/v2\/posts\/10973"}],"collection":[{"href":"https:\/\/iesalhama.educacion.navarra.es\/web1\/wp-json\/wp\/v2\/posts"}],"about":[{"href":"https:\/\/iesalhama.educacion.navarra.es\/web1\/wp-json\/wp\/v2\/types\/post"}],"author":[{"embeddable":true,"href":"https:\/\/iesalhama.educacion.navarra.es\/web1\/wp-json\/wp\/v2\/users\/12"}],"replies":[{"embeddable":true,"href":"https:\/\/iesalhama.educacion.navarra.es\/web1\/wp-json\/wp\/v2\/comments?post=10973"}],"version-history":[{"count":2,"href":"https:\/\/iesalhama.educacion.navarra.es\/web1\/wp-json\/wp\/v2\/posts\/10973\/revisions"}],"predecessor-version":[{"id":10980,"href":"https:\/\/iesalhama.educacion.navarra.es\/web1\/wp-json\/wp\/v2\/posts\/10973\/revisions\/10980"}],"wp:featuredmedia":[{"embeddable":true,"href":"https:\/\/iesalhama.educacion.navarra.es\/web1\/wp-json\/wp\/v2\/media\/10975"}],"wp:attachment":[{"href":"https:\/\/iesalhama.educacion.navarra.es\/web1\/wp-json\/wp\/v2\/media?parent=10973"}],"wp:term":[{"taxonomy":"category","embeddable":true,"href":"https:\/\/iesalhama.educacion.navarra.es\/web1\/wp-json\/wp\/v2\/categories?post=10973"},{"taxonomy":"post_tag","embeddable":true,"href":"https:\/\/iesalhama.educacion.navarra.es\/web1\/wp-json\/wp\/v2\/tags?post=10973"}],"curies":[{"name":"wp","href":"https:\/\/api.w.org\/{rel}","templated":true}]}}