{"id":11049,"date":"2024-03-01T09:41:19","date_gmt":"2024-03-01T08:41:19","guid":{"rendered":"https:\/\/iesalhama.educacion.navarra.es\/web1\/?p=11049"},"modified":"2024-03-01T09:41:19","modified_gmt":"2024-03-01T08:41:19","slug":"participacion-en-la-xiii-olimpiada-de-filosofia-de-navarra","status":"publish","type":"post","link":"https:\/\/iesalhama.educacion.navarra.es\/web1\/participacion-en-la-xiii-olimpiada-de-filosofia-de-navarra\/","title":{"rendered":"Participaci\u00f3n en la XIII Olimpiada de Filosof\u00eda de Navarra"},"content":{"rendered":"\n<p>El viernes 23 de febrero,\u00a0<strong>cuatro alumnas de 1\u00ba de Bachillerato del IES Alhama de Corella<\/strong>\u00a0acudieron a Pamplona a la\u00a0XIII Olimpiada de Filosof\u00eda de Navarra, celebrada en la Facultad de Ciencias de la Universidad de Navarra.\u00a0<\/p>\n\n\n\n<p>Paloma Fern\u00e1ndez Brocos, Adriana, Clara y Paula Mart\u00ednez Ortiz\u00a0<strong>participaron en la categor\u00eda de ensayo filos\u00f3fico<\/strong>, para el que la tem\u00e1tica elegida este a\u00f1o ha sido \u00ab\u00bfQu\u00e9 es el ocio?, tema sobre el que componer un ensayo a partir de dos textos facilitados por la organizaci\u00f3n de la prueba.\u00a0<\/p>\n\n\n\n<p>Desde el Departamento de Filosof\u00eda y desde el centro, queremos\u00a0<strong>agradecer el inter\u00e9s, el trabajo y la implicaci\u00f3n demostrada<\/strong>\u00a0por estas cuatro alumnas para representar al IES Alhama en esta olimpiada, a la que se han presentado m\u00e1s de 200 alumnos de 24 centros educativos diferentes de Navarra. Les deseamos que este trabajo, inter\u00e9s y dedicaci\u00f3n se vean recompensados en los resultados de la olimpiada<\/p>\n\n\n\n<figure class=\"wp-block-image size-large\"><img loading=\"lazy\" width=\"1024\" height=\"768\" src=\"https:\/\/iesalhama.educacion.navarra.es\/web1\/wp-content\/uploads\/2024\/03\/Foto-prueba-Ensayo-Olimpiada-Filosofica-Navarra-1024x768.jpg\" alt=\"\" class=\"wp-image-11050\" srcset=\"https:\/\/iesalhama.educacion.navarra.es\/web1\/wp-content\/uploads\/2024\/03\/Foto-prueba-Ensayo-Olimpiada-Filosofica-Navarra-1024x768.jpg 1024w, https:\/\/iesalhama.educacion.navarra.es\/web1\/wp-content\/uploads\/2024\/03\/Foto-prueba-Ensayo-Olimpiada-Filosofica-Navarra-300x225.jpg 300w, https:\/\/iesalhama.educacion.navarra.es\/web1\/wp-content\/uploads\/2024\/03\/Foto-prueba-Ensayo-Olimpiada-Filosofica-Navarra-768x576.jpg 768w, https:\/\/iesalhama.educacion.navarra.es\/web1\/wp-content\/uploads\/2024\/03\/Foto-prueba-Ensayo-Olimpiada-Filosofica-Navarra.jpg 1280w\" sizes=\"(max-width: 1024px) 100vw, 1024px\" \/><\/figure>\n","protected":false},"excerpt":{"rendered":"<p>El viernes 23 de febrero,\u00a0cuatro alumnas de 1\u00ba de Bachillerato del IES Alhama de Corella\u00a0acudieron a Pamplona a la\u00a0XIII Olimpiada de Filosof\u00eda de Navarra, celebrada en la Facultad de Ciencias de la Universidad de Navarra.\u00a0 Paloma Fern\u00e1ndez Brocos, Adriana, Clara y Paula Mart\u00ednez Ortiz\u00a0participaron en la categor\u00eda de ensayo filos\u00f3fico, para el que la tem\u00e1tica [&hellip;]<\/p>\n","protected":false},"author":12,"featured_media":11050,"comment_status":"open","ping_status":"open","sticky":false,"template":"","format":"standard","meta":{"_genesis_hide_title":false,"_genesis_hide_breadcrumbs":false,"_genesis_hide_singular_image":false,"_genesis_hide_footer_widgets":false,"_genesis_custom_body_class":"","_genesis_custom_post_class":"","_genesis_layout":""},"categories":[90,1,72],"tags":[],"_links":{"self":[{"href":"https:\/\/iesalhama.educacion.navarra.es\/web1\/wp-json\/wp\/v2\/posts\/11049"}],"collection":[{"href":"https:\/\/iesalhama.educacion.navarra.es\/web1\/wp-json\/wp\/v2\/posts"}],"about":[{"href":"https:\/\/iesalhama.educacion.navarra.es\/web1\/wp-json\/wp\/v2\/types\/post"}],"author":[{"embeddable":true,"href":"https:\/\/iesalhama.educacion.navarra.es\/web1\/wp-json\/wp\/v2\/users\/12"}],"replies":[{"embeddable":true,"href":"https:\/\/iesalhama.educacion.navarra.es\/web1\/wp-json\/wp\/v2\/comments?post=11049"}],"version-history":[{"count":1,"href":"https:\/\/iesalhama.educacion.navarra.es\/web1\/wp-json\/wp\/v2\/posts\/11049\/revisions"}],"predecessor-version":[{"id":11051,"href":"https:\/\/iesalhama.educacion.navarra.es\/web1\/wp-json\/wp\/v2\/posts\/11049\/revisions\/11051"}],"wp:featuredmedia":[{"embeddable":true,"href":"https:\/\/iesalhama.educacion.navarra.es\/web1\/wp-json\/wp\/v2\/media\/11050"}],"wp:attachment":[{"href":"https:\/\/iesalhama.educacion.navarra.es\/web1\/wp-json\/wp\/v2\/media?parent=11049"}],"wp:term":[{"taxonomy":"category","embeddable":true,"href":"https:\/\/iesalhama.educacion.navarra.es\/web1\/wp-json\/wp\/v2\/categories?post=11049"},{"taxonomy":"post_tag","embeddable":true,"href":"https:\/\/iesalhama.educacion.navarra.es\/web1\/wp-json\/wp\/v2\/tags?post=11049"}],"curies":[{"name":"wp","href":"https:\/\/api.w.org\/{rel}","templated":true}]}}