{"id":11338,"date":"2024-05-03T13:10:23","date_gmt":"2024-05-03T11:10:23","guid":{"rendered":"https:\/\/iesalhama.educacion.navarra.es\/web1\/?p=11338"},"modified":"2024-05-03T13:10:24","modified_gmt":"2024-05-03T11:10:24","slug":"xxxvi-olimpiada-de-matematicas-de-navarra","status":"publish","type":"post","link":"https:\/\/iesalhama.educacion.navarra.es\/web1\/xxxvi-olimpiada-de-matematicas-de-navarra\/","title":{"rendered":"XXXVI OLIMPIADA DE MATEM\u00c1TICAS DE NAVARRA"},"content":{"rendered":"\n<p>El <strong>s\u00e1bado 27 de abril<\/strong>, <strong>148 alumnos y alumnas de 2\u00ba de la ESO<\/strong> procedentes de 53 centros de toda la geograf\u00eda navarra participaron en la <strong>XXXVI edici\u00f3n de la Olimpiada de Matem\u00e1ticas de Navarra.<\/strong> La Olimpiada est\u00e1 organizada por la Sociedad Navarra de Profesores de Matem\u00e1ticas \u00abTornamira\u00bb Matematika Irakasleen Nafar Elkartea. <\/p>\n\n\n\n<p>Este a\u00f1o, el IES Julio Caro Baroja de Pamplona fue el anfitri\u00f3n del evento. Los participantes, emparejados al azar momentos antes de la prueba, tuvieron 2 horas para resolver 6 problemas de matem\u00e1ticas. <strong>Leire Vall\u00e9s P\u00e9rez, Alberto Catal\u00e1n Uribe y Mateo Yang\u00fcas Ayala<\/strong> <strong>representaron brillantemente\u00a0 al IES Alhama de Corella en dicho evento.<\/strong><\/p>\n\n\n\n<figure class=\"wp-block-image size-large\"><img loading=\"lazy\" width=\"1024\" height=\"768\" src=\"https:\/\/iesalhama.educacion.navarra.es\/web1\/wp-content\/uploads\/2024\/05\/IMG_20240427_095452-1024x768.jpg\" alt=\"\" class=\"wp-image-11346\" srcset=\"https:\/\/iesalhama.educacion.navarra.es\/web1\/wp-content\/uploads\/2024\/05\/IMG_20240427_095452-1024x768.jpg 1024w, https:\/\/iesalhama.educacion.navarra.es\/web1\/wp-content\/uploads\/2024\/05\/IMG_20240427_095452-300x225.jpg 300w, https:\/\/iesalhama.educacion.navarra.es\/web1\/wp-content\/uploads\/2024\/05\/IMG_20240427_095452-768x576.jpg 768w, https:\/\/iesalhama.educacion.navarra.es\/web1\/wp-content\/uploads\/2024\/05\/IMG_20240427_095452-1536x1152.jpg 1536w, https:\/\/iesalhama.educacion.navarra.es\/web1\/wp-content\/uploads\/2024\/05\/IMG_20240427_095452-2048x1536.jpg 2048w\" sizes=\"(max-width: 1024px) 100vw, 1024px\" \/><\/figure>\n\n\n\n<figure class=\"wp-block-image size-large\"><img loading=\"lazy\" width=\"1024\" height=\"768\" src=\"https:\/\/iesalhama.educacion.navarra.es\/web1\/wp-content\/uploads\/2024\/05\/IMG_20240427_104809-1024x768.jpg\" alt=\"\" class=\"wp-image-11340\" srcset=\"https:\/\/iesalhama.educacion.navarra.es\/web1\/wp-content\/uploads\/2024\/05\/IMG_20240427_104809-1024x768.jpg 1024w, https:\/\/iesalhama.educacion.navarra.es\/web1\/wp-content\/uploads\/2024\/05\/IMG_20240427_104809-300x225.jpg 300w, https:\/\/iesalhama.educacion.navarra.es\/web1\/wp-content\/uploads\/2024\/05\/IMG_20240427_104809-768x576.jpg 768w, https:\/\/iesalhama.educacion.navarra.es\/web1\/wp-content\/uploads\/2024\/05\/IMG_20240427_104809-1536x1152.jpg 1536w, https:\/\/iesalhama.educacion.navarra.es\/web1\/wp-content\/uploads\/2024\/05\/IMG_20240427_104809-2048x1536.jpg 2048w\" sizes=\"(max-width: 1024px) 100vw, 1024px\" \/><\/figure>\n\n\n\n<figure class=\"wp-block-image size-large\"><img loading=\"lazy\" width=\"1024\" height=\"768\" src=\"https:\/\/iesalhama.educacion.navarra.es\/web1\/wp-content\/uploads\/2024\/05\/IMG_20240427_110908-1024x768.jpg\" alt=\"\" class=\"wp-image-11341\" srcset=\"https:\/\/iesalhama.educacion.navarra.es\/web1\/wp-content\/uploads\/2024\/05\/IMG_20240427_110908-1024x768.jpg 1024w, https:\/\/iesalhama.educacion.navarra.es\/web1\/wp-content\/uploads\/2024\/05\/IMG_20240427_110908-300x225.jpg 300w, https:\/\/iesalhama.educacion.navarra.es\/web1\/wp-content\/uploads\/2024\/05\/IMG_20240427_110908-768x576.jpg 768w, https:\/\/iesalhama.educacion.navarra.es\/web1\/wp-content\/uploads\/2024\/05\/IMG_20240427_110908-1536x1152.jpg 1536w, https:\/\/iesalhama.educacion.navarra.es\/web1\/wp-content\/uploads\/2024\/05\/IMG_20240427_110908-2048x1536.jpg 2048w\" sizes=\"(max-width: 1024px) 100vw, 1024px\" \/><\/figure>\n\n\n\n<figure class=\"wp-block-image size-large\"><img loading=\"lazy\" width=\"1024\" height=\"768\" src=\"https:\/\/iesalhama.educacion.navarra.es\/web1\/wp-content\/uploads\/2024\/05\/IMG_20240427_110942-1024x768.jpg\" alt=\"\" class=\"wp-image-11342\" srcset=\"https:\/\/iesalhama.educacion.navarra.es\/web1\/wp-content\/uploads\/2024\/05\/IMG_20240427_110942-1024x768.jpg 1024w, https:\/\/iesalhama.educacion.navarra.es\/web1\/wp-content\/uploads\/2024\/05\/IMG_20240427_110942-300x225.jpg 300w, https:\/\/iesalhama.educacion.navarra.es\/web1\/wp-content\/uploads\/2024\/05\/IMG_20240427_110942-768x576.jpg 768w, https:\/\/iesalhama.educacion.navarra.es\/web1\/wp-content\/uploads\/2024\/05\/IMG_20240427_110942-1536x1152.jpg 1536w, https:\/\/iesalhama.educacion.navarra.es\/web1\/wp-content\/uploads\/2024\/05\/IMG_20240427_110942-2048x1536.jpg 2048w\" sizes=\"(max-width: 1024px) 100vw, 1024px\" \/><\/figure>\n\n\n\n<figure class=\"wp-block-image size-large\"><img loading=\"lazy\" width=\"1024\" height=\"768\" src=\"https:\/\/iesalhama.educacion.navarra.es\/web1\/wp-content\/uploads\/2024\/05\/IMG_20240427_114059-1024x768.jpg\" alt=\"\" class=\"wp-image-11343\" srcset=\"https:\/\/iesalhama.educacion.navarra.es\/web1\/wp-content\/uploads\/2024\/05\/IMG_20240427_114059-1024x768.jpg 1024w, https:\/\/iesalhama.educacion.navarra.es\/web1\/wp-content\/uploads\/2024\/05\/IMG_20240427_114059-300x225.jpg 300w, https:\/\/iesalhama.educacion.navarra.es\/web1\/wp-content\/uploads\/2024\/05\/IMG_20240427_114059-768x576.jpg 768w, https:\/\/iesalhama.educacion.navarra.es\/web1\/wp-content\/uploads\/2024\/05\/IMG_20240427_114059-1536x1152.jpg 1536w, https:\/\/iesalhama.educacion.navarra.es\/web1\/wp-content\/uploads\/2024\/05\/IMG_20240427_114059-2048x1536.jpg 2048w\" sizes=\"(max-width: 1024px) 100vw, 1024px\" \/><\/figure>\n\n\n\n<figure class=\"wp-block-gallery has-nested-images columns-default is-cropped\">\n<figure class=\"wp-block-image size-large\"><img loading=\"lazy\" width=\"768\" height=\"1024\" data-id=\"11344\"  src=\"https:\/\/iesalhama.educacion.navarra.es\/web1\/wp-content\/uploads\/2024\/05\/IMG_20240427_095459-1-768x1024.jpg\" alt=\"\" class=\"wp-image-11344\" srcset=\"https:\/\/iesalhama.educacion.navarra.es\/web1\/wp-content\/uploads\/2024\/05\/IMG_20240427_095459-1-768x1024.jpg 768w, https:\/\/iesalhama.educacion.navarra.es\/web1\/wp-content\/uploads\/2024\/05\/IMG_20240427_095459-1-225x300.jpg 225w, https:\/\/iesalhama.educacion.navarra.es\/web1\/wp-content\/uploads\/2024\/05\/IMG_20240427_095459-1-1152x1536.jpg 1152w, https:\/\/iesalhama.educacion.navarra.es\/web1\/wp-content\/uploads\/2024\/05\/IMG_20240427_095459-1-1536x2048.jpg 1536w, https:\/\/iesalhama.educacion.navarra.es\/web1\/wp-content\/uploads\/2024\/05\/IMG_20240427_095459-1-scaled.jpg 1920w\" sizes=\"(max-width: 768px) 100vw, 768px\" \/><\/figure>\n\n\n\n<figure class=\"wp-block-image size-large\"><img loading=\"lazy\" width=\"768\" height=\"1024\" data-id=\"11345\"  src=\"https:\/\/iesalhama.educacion.navarra.es\/web1\/wp-content\/uploads\/2024\/05\/IMG_20240427_112420-768x1024.jpg\" alt=\"\" class=\"wp-image-11345\" srcset=\"https:\/\/iesalhama.educacion.navarra.es\/web1\/wp-content\/uploads\/2024\/05\/IMG_20240427_112420-768x1024.jpg 768w, https:\/\/iesalhama.educacion.navarra.es\/web1\/wp-content\/uploads\/2024\/05\/IMG_20240427_112420-225x300.jpg 225w, https:\/\/iesalhama.educacion.navarra.es\/web1\/wp-content\/uploads\/2024\/05\/IMG_20240427_112420-1152x1536.jpg 1152w, https:\/\/iesalhama.educacion.navarra.es\/web1\/wp-content\/uploads\/2024\/05\/IMG_20240427_112420-1536x2048.jpg 1536w, https:\/\/iesalhama.educacion.navarra.es\/web1\/wp-content\/uploads\/2024\/05\/IMG_20240427_112420-scaled.jpg 1920w\" sizes=\"(max-width: 768px) 100vw, 768px\" \/><\/figure>\n<\/figure>\n","protected":false},"excerpt":{"rendered":"<p>El s\u00e1bado 27 de abril, 148 alumnos y alumnas de 2\u00ba de la ESO procedentes de 53 centros de toda la geograf\u00eda navarra participaron en la XXXVI edici\u00f3n de la Olimpiada de Matem\u00e1ticas de Navarra. La Olimpiada est\u00e1 organizada por la Sociedad Navarra de Profesores de Matem\u00e1ticas \u00abTornamira\u00bb Matematika Irakasleen Nafar Elkartea. Este a\u00f1o, el [&hellip;]<\/p>\n","protected":false},"author":12,"featured_media":11346,"comment_status":"open","ping_status":"open","sticky":false,"template":"","format":"standard","meta":{"_genesis_hide_title":false,"_genesis_hide_breadcrumbs":false,"_genesis_hide_singular_image":false,"_genesis_hide_footer_widgets":false,"_genesis_custom_body_class":"","_genesis_custom_post_class":"","_genesis_layout":""},"categories":[90,1,72],"tags":[],"_links":{"self":[{"href":"https:\/\/iesalhama.educacion.navarra.es\/web1\/wp-json\/wp\/v2\/posts\/11338"}],"collection":[{"href":"https:\/\/iesalhama.educacion.navarra.es\/web1\/wp-json\/wp\/v2\/posts"}],"about":[{"href":"https:\/\/iesalhama.educacion.navarra.es\/web1\/wp-json\/wp\/v2\/types\/post"}],"author":[{"embeddable":true,"href":"https:\/\/iesalhama.educacion.navarra.es\/web1\/wp-json\/wp\/v2\/users\/12"}],"replies":[{"embeddable":true,"href":"https:\/\/iesalhama.educacion.navarra.es\/web1\/wp-json\/wp\/v2\/comments?post=11338"}],"version-history":[{"count":1,"href":"https:\/\/iesalhama.educacion.navarra.es\/web1\/wp-json\/wp\/v2\/posts\/11338\/revisions"}],"predecessor-version":[{"id":11347,"href":"https:\/\/iesalhama.educacion.navarra.es\/web1\/wp-json\/wp\/v2\/posts\/11338\/revisions\/11347"}],"wp:featuredmedia":[{"embeddable":true,"href":"https:\/\/iesalhama.educacion.navarra.es\/web1\/wp-json\/wp\/v2\/media\/11346"}],"wp:attachment":[{"href":"https:\/\/iesalhama.educacion.navarra.es\/web1\/wp-json\/wp\/v2\/media?parent=11338"}],"wp:term":[{"taxonomy":"category","embeddable":true,"href":"https:\/\/iesalhama.educacion.navarra.es\/web1\/wp-json\/wp\/v2\/categories?post=11338"},{"taxonomy":"post_tag","embeddable":true,"href":"https:\/\/iesalhama.educacion.navarra.es\/web1\/wp-json\/wp\/v2\/tags?post=11338"}],"curies":[{"name":"wp","href":"https:\/\/api.w.org\/{rel}","templated":true}]}}