{"id":11373,"date":"2024-05-10T12:57:08","date_gmt":"2024-05-10T10:57:08","guid":{"rendered":"https:\/\/iesalhama.educacion.navarra.es\/web1\/?p=11373"},"modified":"2024-05-10T12:57:08","modified_gmt":"2024-05-10T10:57:08","slug":"dia-internacional-de-las-familias-15-de-mayo","status":"publish","type":"post","link":"https:\/\/iesalhama.educacion.navarra.es\/web1\/dia-internacional-de-las-familias-15-de-mayo\/","title":{"rendered":"D\u00eda Internacional de las Familias (15 de Mayo)"},"content":{"rendered":"\n<p>El <strong>D\u00eda Internacional de las Familias<\/strong> se celebra el <strong>15 de mayo<\/strong> de cada a\u00f1o <strong>desde 1994<\/strong>, por lo que este a\u00f1o se celebra su 30\u00ba aniversario. Esta fecha fue proclamada en 1993 por la Asamblea General de las Naciones Unidas (A\/RES\/47\/237) haci\u00e9ndose eco de la importancia que la comunidad internacional otorga a las familias.<\/p>\n\n\n\n<p>Es un hecho probado que <strong>las familias constituyen una parte fundamental de la educaci\u00f3n de sus hijos e hijas.<\/strong> Por eso, <strong>en el IES Alhama se van a realizar diferentes actividades para celebrar<\/strong> <strong>por primera vez<\/strong> este d\u00eda en el centro<\/p>\n\n\n\n<figure class=\"wp-block-image size-large\"><img loading=\"lazy\" width=\"724\" height=\"1024\" src=\"https:\/\/iesalhama.educacion.navarra.es\/web1\/wp-content\/uploads\/2024\/05\/DIa-INTERNACIONAL-DE-LAS-FAMILIAS-1-1-724x1024.png\" alt=\"\" class=\"wp-image-11374\" srcset=\"https:\/\/iesalhama.educacion.navarra.es\/web1\/wp-content\/uploads\/2024\/05\/DIa-INTERNACIONAL-DE-LAS-FAMILIAS-1-1-724x1024.png 724w, https:\/\/iesalhama.educacion.navarra.es\/web1\/wp-content\/uploads\/2024\/05\/DIa-INTERNACIONAL-DE-LAS-FAMILIAS-1-1-212x300.png 212w, https:\/\/iesalhama.educacion.navarra.es\/web1\/wp-content\/uploads\/2024\/05\/DIa-INTERNACIONAL-DE-LAS-FAMILIAS-1-1-768x1086.png 768w, https:\/\/iesalhama.educacion.navarra.es\/web1\/wp-content\/uploads\/2024\/05\/DIa-INTERNACIONAL-DE-LAS-FAMILIAS-1-1-1086x1536.png 1086w, https:\/\/iesalhama.educacion.navarra.es\/web1\/wp-content\/uploads\/2024\/05\/DIa-INTERNACIONAL-DE-LAS-FAMILIAS-1-1-1448x2048.png 1448w, https:\/\/iesalhama.educacion.navarra.es\/web1\/wp-content\/uploads\/2024\/05\/DIa-INTERNACIONAL-DE-LAS-FAMILIAS-1-1.png 1587w\" sizes=\"(max-width: 724px) 100vw, 724px\" \/><\/figure>\n","protected":false},"excerpt":{"rendered":"<p>El D\u00eda Internacional de las Familias se celebra el 15 de mayo de cada a\u00f1o desde 1994, por lo que este a\u00f1o se celebra su 30\u00ba aniversario. Esta fecha fue proclamada en 1993 por la Asamblea General de las Naciones Unidas (A\/RES\/47\/237) haci\u00e9ndose eco de la importancia que la comunidad internacional otorga a las familias. [&hellip;]<\/p>\n","protected":false},"author":12,"featured_media":0,"comment_status":"open","ping_status":"open","sticky":false,"template":"","format":"standard","meta":{"_genesis_hide_title":false,"_genesis_hide_breadcrumbs":false,"_genesis_hide_singular_image":false,"_genesis_hide_footer_widgets":false,"_genesis_custom_body_class":"","_genesis_custom_post_class":"","_genesis_layout":""},"categories":[90,1],"tags":[],"_links":{"self":[{"href":"https:\/\/iesalhama.educacion.navarra.es\/web1\/wp-json\/wp\/v2\/posts\/11373"}],"collection":[{"href":"https:\/\/iesalhama.educacion.navarra.es\/web1\/wp-json\/wp\/v2\/posts"}],"about":[{"href":"https:\/\/iesalhama.educacion.navarra.es\/web1\/wp-json\/wp\/v2\/types\/post"}],"author":[{"embeddable":true,"href":"https:\/\/iesalhama.educacion.navarra.es\/web1\/wp-json\/wp\/v2\/users\/12"}],"replies":[{"embeddable":true,"href":"https:\/\/iesalhama.educacion.navarra.es\/web1\/wp-json\/wp\/v2\/comments?post=11373"}],"version-history":[{"count":1,"href":"https:\/\/iesalhama.educacion.navarra.es\/web1\/wp-json\/wp\/v2\/posts\/11373\/revisions"}],"predecessor-version":[{"id":11375,"href":"https:\/\/iesalhama.educacion.navarra.es\/web1\/wp-json\/wp\/v2\/posts\/11373\/revisions\/11375"}],"wp:attachment":[{"href":"https:\/\/iesalhama.educacion.navarra.es\/web1\/wp-json\/wp\/v2\/media?parent=11373"}],"wp:term":[{"taxonomy":"category","embeddable":true,"href":"https:\/\/iesalhama.educacion.navarra.es\/web1\/wp-json\/wp\/v2\/categories?post=11373"},{"taxonomy":"post_tag","embeddable":true,"href":"https:\/\/iesalhama.educacion.navarra.es\/web1\/wp-json\/wp\/v2\/tags?post=11373"}],"curies":[{"name":"wp","href":"https:\/\/api.w.org\/{rel}","templated":true}]}}