{"id":12237,"date":"2025-01-30T10:01:06","date_gmt":"2025-01-30T09:01:06","guid":{"rendered":"https:\/\/iesalhama.educacion.navarra.es\/web1\/?p=12237"},"modified":"2025-01-30T10:01:06","modified_gmt":"2025-01-30T09:01:06","slug":"charla-sobre-inteligencia-artificial-para-el-alumnado-de-1o-bach","status":"publish","type":"post","link":"https:\/\/iesalhama.educacion.navarra.es\/web1\/charla-sobre-inteligencia-artificial-para-el-alumnado-de-1o-bach\/","title":{"rendered":"Charla sobre Inteligencia Artificial para el alumnado de 1\u00ba Bach."},"content":{"rendered":"\n<p>El mi\u00e9rcoles 29 de enero Humberto Bustince, catedr\u00e1tico de la Universidad P\u00fablica de Navarra y profesor en el Grado de Inform\u00e1tica y Ciencia de Datos, imparti\u00f3 una charla muy interesante sobre Inteligencia Artificial al alumnado de 1\u00ba Bachllerato.<\/p>\n\n\n\n<figure class=\"wp-block-image size-large\"><img loading=\"lazy\" width=\"1024\" height=\"768\" src=\"https:\/\/iesalhama.educacion.navarra.es\/web1\/wp-content\/uploads\/2025\/01\/IMG_1846-1024x768.jpg\" alt=\"\" class=\"wp-image-12238\" srcset=\"https:\/\/iesalhama.educacion.navarra.es\/web1\/wp-content\/uploads\/2025\/01\/IMG_1846-1024x768.jpg 1024w, https:\/\/iesalhama.educacion.navarra.es\/web1\/wp-content\/uploads\/2025\/01\/IMG_1846-300x225.jpg 300w, https:\/\/iesalhama.educacion.navarra.es\/web1\/wp-content\/uploads\/2025\/01\/IMG_1846-768x576.jpg 768w, https:\/\/iesalhama.educacion.navarra.es\/web1\/wp-content\/uploads\/2025\/01\/IMG_1846-1536x1152.jpg 1536w, https:\/\/iesalhama.educacion.navarra.es\/web1\/wp-content\/uploads\/2025\/01\/IMG_1846-2048x1536.jpg 2048w\" sizes=\"(max-width: 1024px) 100vw, 1024px\" \/><\/figure>\n\n\n\n<figure class=\"wp-block-image size-large\"><img loading=\"lazy\" width=\"1024\" height=\"768\" src=\"https:\/\/iesalhama.educacion.navarra.es\/web1\/wp-content\/uploads\/2025\/01\/IMG_1847-1024x768.jpg\" alt=\"\" class=\"wp-image-12239\" srcset=\"https:\/\/iesalhama.educacion.navarra.es\/web1\/wp-content\/uploads\/2025\/01\/IMG_1847-1024x768.jpg 1024w, https:\/\/iesalhama.educacion.navarra.es\/web1\/wp-content\/uploads\/2025\/01\/IMG_1847-300x225.jpg 300w, https:\/\/iesalhama.educacion.navarra.es\/web1\/wp-content\/uploads\/2025\/01\/IMG_1847-768x576.jpg 768w, https:\/\/iesalhama.educacion.navarra.es\/web1\/wp-content\/uploads\/2025\/01\/IMG_1847-1536x1152.jpg 1536w, https:\/\/iesalhama.educacion.navarra.es\/web1\/wp-content\/uploads\/2025\/01\/IMG_1847-2048x1536.jpg 2048w\" sizes=\"(max-width: 1024px) 100vw, 1024px\" \/><\/figure>\n","protected":false},"excerpt":{"rendered":"<p>El mi\u00e9rcoles 29 de enero Humberto Bustince, catedr\u00e1tico de la Universidad P\u00fablica de Navarra y profesor en el Grado de Inform\u00e1tica y Ciencia de Datos, imparti\u00f3 una charla muy interesante sobre Inteligencia Artificial al alumnado de 1\u00ba Bachllerato.<\/p>\n","protected":false},"author":13,"featured_media":12239,"comment_status":"open","ping_status":"open","sticky":false,"template":"","format":"standard","meta":{"_genesis_hide_title":false,"_genesis_hide_breadcrumbs":false,"_genesis_hide_singular_image":false,"_genesis_hide_footer_widgets":false,"_genesis_custom_body_class":"","_genesis_custom_post_class":"","_genesis_layout":""},"categories":[91,72],"tags":[],"_links":{"self":[{"href":"https:\/\/iesalhama.educacion.navarra.es\/web1\/wp-json\/wp\/v2\/posts\/12237"}],"collection":[{"href":"https:\/\/iesalhama.educacion.navarra.es\/web1\/wp-json\/wp\/v2\/posts"}],"about":[{"href":"https:\/\/iesalhama.educacion.navarra.es\/web1\/wp-json\/wp\/v2\/types\/post"}],"author":[{"embeddable":true,"href":"https:\/\/iesalhama.educacion.navarra.es\/web1\/wp-json\/wp\/v2\/users\/13"}],"replies":[{"embeddable":true,"href":"https:\/\/iesalhama.educacion.navarra.es\/web1\/wp-json\/wp\/v2\/comments?post=12237"}],"version-history":[{"count":1,"href":"https:\/\/iesalhama.educacion.navarra.es\/web1\/wp-json\/wp\/v2\/posts\/12237\/revisions"}],"predecessor-version":[{"id":12240,"href":"https:\/\/iesalhama.educacion.navarra.es\/web1\/wp-json\/wp\/v2\/posts\/12237\/revisions\/12240"}],"wp:featuredmedia":[{"embeddable":true,"href":"https:\/\/iesalhama.educacion.navarra.es\/web1\/wp-json\/wp\/v2\/media\/12239"}],"wp:attachment":[{"href":"https:\/\/iesalhama.educacion.navarra.es\/web1\/wp-json\/wp\/v2\/media?parent=12237"}],"wp:term":[{"taxonomy":"category","embeddable":true,"href":"https:\/\/iesalhama.educacion.navarra.es\/web1\/wp-json\/wp\/v2\/categories?post=12237"},{"taxonomy":"post_tag","embeddable":true,"href":"https:\/\/iesalhama.educacion.navarra.es\/web1\/wp-json\/wp\/v2\/tags?post=12237"}],"curies":[{"name":"wp","href":"https:\/\/api.w.org\/{rel}","templated":true}]}}