{"id":12980,"date":"2025-06-23T14:06:54","date_gmt":"2025-06-23T12:06:54","guid":{"rendered":"https:\/\/iesalhama.educacion.navarra.es\/web1\/?p=12980"},"modified":"2025-06-23T14:25:36","modified_gmt":"2025-06-23T12:25:36","slug":"jubilaciones","status":"publish","type":"post","link":"https:\/\/iesalhama.educacion.navarra.es\/web1\/jubilaciones\/","title":{"rendered":"JUBILACIONES"},"content":{"rendered":"\n<p>El IES ALHAMA ha celebrado la jubilaci\u00f3n de dos profesoras con una larga trayectoria en el centro, Pilar Mart\u00ednez Esquitino y Alicia Mart\u00edn Chivite.<br>En el acto se escucharon palabras de agradecimiento y se hizo un elogio a su trayectoria docente; adem\u00e1s, en el caso de Alicia, se reconoci\u00f3 su labor como Directora del IES ALHAMA. Un merecido homenaje en el que no faltaron los discursos y las sorpresas. Este ambiente de celebraci\u00f3n continu\u00f3 despu\u00e9s durante la comida y el claustro comparti\u00f3 con j\u00fabilo ese momento.<br>La jubilaci\u00f3n supone un cierre, una despedida, pero tambi\u00e9n es un nuevo comienzo y toda la Comunidad Educativa del IES ALHAMA les desea lo mejor en su nueva etapa.<\/p>\n\n\n\n<p>\u00a1ENHORABUENA!<\/p>\n\n\n\n<figure class=\"wp-block-image size-large\"><img loading=\"lazy\" width=\"768\" height=\"1024\" src=\"https:\/\/iesalhama.educacion.navarra.es\/web1\/wp-content\/uploads\/2025\/06\/IMG-20250619-WA0052-768x1024.jpg\" alt=\"\" class=\"wp-image-12981\" srcset=\"https:\/\/iesalhama.educacion.navarra.es\/web1\/wp-content\/uploads\/2025\/06\/IMG-20250619-WA0052-768x1024.jpg 768w, https:\/\/iesalhama.educacion.navarra.es\/web1\/wp-content\/uploads\/2025\/06\/IMG-20250619-WA0052-225x300.jpg 225w, https:\/\/iesalhama.educacion.navarra.es\/web1\/wp-content\/uploads\/2025\/06\/IMG-20250619-WA0052-1152x1536.jpg 1152w, https:\/\/iesalhama.educacion.navarra.es\/web1\/wp-content\/uploads\/2025\/06\/IMG-20250619-WA0052.jpg 1200w\" sizes=\"(max-width: 768px) 100vw, 768px\" \/><\/figure>\n\n\n\n<figure class=\"wp-block-image size-large\"><img loading=\"lazy\" width=\"768\" height=\"1024\" src=\"https:\/\/iesalhama.educacion.navarra.es\/web1\/wp-content\/uploads\/2025\/06\/IMG-20250619-WA0043-768x1024.jpg\" alt=\"\" class=\"wp-image-12982\" srcset=\"https:\/\/iesalhama.educacion.navarra.es\/web1\/wp-content\/uploads\/2025\/06\/IMG-20250619-WA0043-768x1024.jpg 768w, https:\/\/iesalhama.educacion.navarra.es\/web1\/wp-content\/uploads\/2025\/06\/IMG-20250619-WA0043-225x300.jpg 225w, https:\/\/iesalhama.educacion.navarra.es\/web1\/wp-content\/uploads\/2025\/06\/IMG-20250619-WA0043-1152x1536.jpg 1152w, https:\/\/iesalhama.educacion.navarra.es\/web1\/wp-content\/uploads\/2025\/06\/IMG-20250619-WA0043.jpg 1200w\" sizes=\"(max-width: 768px) 100vw, 768px\" \/><\/figure>\n\n\n\n<figure class=\"wp-block-image size-large\"><img loading=\"lazy\" width=\"768\" height=\"1024\" src=\"https:\/\/iesalhama.educacion.navarra.es\/web1\/wp-content\/uploads\/2025\/06\/IMG-20250619-WA0047-768x1024.jpg\" alt=\"\" class=\"wp-image-12983\" srcset=\"https:\/\/iesalhama.educacion.navarra.es\/web1\/wp-content\/uploads\/2025\/06\/IMG-20250619-WA0047-768x1024.jpg 768w, https:\/\/iesalhama.educacion.navarra.es\/web1\/wp-content\/uploads\/2025\/06\/IMG-20250619-WA0047-225x300.jpg 225w, https:\/\/iesalhama.educacion.navarra.es\/web1\/wp-content\/uploads\/2025\/06\/IMG-20250619-WA0047-1152x1536.jpg 1152w, https:\/\/iesalhama.educacion.navarra.es\/web1\/wp-content\/uploads\/2025\/06\/IMG-20250619-WA0047.jpg 1200w\" sizes=\"(max-width: 768px) 100vw, 768px\" \/><\/figure>\n","protected":false},"excerpt":{"rendered":"<p>El IES ALHAMA ha celebrado la jubilaci\u00f3n de dos profesoras con una larga trayectoria en el centro, Pilar Mart\u00ednez Esquitino y Alicia Mart\u00edn Chivite.En el acto se escucharon palabras de agradecimiento y se hizo un elogio a su trayectoria docente; adem\u00e1s, en el caso de Alicia, se reconoci\u00f3 su labor como Directora del IES ALHAMA. [&hellip;]<\/p>\n","protected":false},"author":13,"featured_media":13001,"comment_status":"open","ping_status":"open","sticky":false,"template":"","format":"standard","meta":{"_genesis_hide_title":false,"_genesis_hide_breadcrumbs":false,"_genesis_hide_singular_image":false,"_genesis_hide_footer_widgets":false,"_genesis_custom_body_class":"","_genesis_custom_post_class":"","_genesis_layout":""},"categories":[91,72],"tags":[],"_links":{"self":[{"href":"https:\/\/iesalhama.educacion.navarra.es\/web1\/wp-json\/wp\/v2\/posts\/12980"}],"collection":[{"href":"https:\/\/iesalhama.educacion.navarra.es\/web1\/wp-json\/wp\/v2\/posts"}],"about":[{"href":"https:\/\/iesalhama.educacion.navarra.es\/web1\/wp-json\/wp\/v2\/types\/post"}],"author":[{"embeddable":true,"href":"https:\/\/iesalhama.educacion.navarra.es\/web1\/wp-json\/wp\/v2\/users\/13"}],"replies":[{"embeddable":true,"href":"https:\/\/iesalhama.educacion.navarra.es\/web1\/wp-json\/wp\/v2\/comments?post=12980"}],"version-history":[{"count":1,"href":"https:\/\/iesalhama.educacion.navarra.es\/web1\/wp-json\/wp\/v2\/posts\/12980\/revisions"}],"predecessor-version":[{"id":12984,"href":"https:\/\/iesalhama.educacion.navarra.es\/web1\/wp-json\/wp\/v2\/posts\/12980\/revisions\/12984"}],"wp:featuredmedia":[{"embeddable":true,"href":"https:\/\/iesalhama.educacion.navarra.es\/web1\/wp-json\/wp\/v2\/media\/13001"}],"wp:attachment":[{"href":"https:\/\/iesalhama.educacion.navarra.es\/web1\/wp-json\/wp\/v2\/media?parent=12980"}],"wp:term":[{"taxonomy":"category","embeddable":true,"href":"https:\/\/iesalhama.educacion.navarra.es\/web1\/wp-json\/wp\/v2\/categories?post=12980"},{"taxonomy":"post_tag","embeddable":true,"href":"https:\/\/iesalhama.educacion.navarra.es\/web1\/wp-json\/wp\/v2\/tags?post=12980"}],"curies":[{"name":"wp","href":"https:\/\/api.w.org\/{rel}","templated":true}]}}