{"id":13147,"date":"2025-11-12T10:22:41","date_gmt":"2025-11-12T09:22:41","guid":{"rendered":"https:\/\/iesalhama.educacion.navarra.es\/web1\/?p=13147"},"modified":"2025-11-12T10:22:41","modified_gmt":"2025-11-12T09:22:41","slug":"aniversario-de-la-promocion-1999-2001","status":"publish","type":"post","link":"https:\/\/iesalhama.educacion.navarra.es\/web1\/aniversario-de-la-promocion-1999-2001\/","title":{"rendered":"ANIVERSARIO DE LA PROMOCI\u00d3N 1999-2001"},"content":{"rendered":"\n<p>El s\u00e1bado, 8 de noviembre, vivimos algo que dif\u00edcilmente se puede explicar con palabras. Vamos a intentarlo.<\/p>\n\n\n\n<p>Un muy numeroso y a\u00fan m\u00e1s entusiasta grupo de alumnos y alumnas de la promoci\u00f3n 1999-2001 organizaron los meses previos su aniversario de graduaci\u00f3n. No pudieron esperar a que fuesen los 25 a\u00f1os, y vista la alegr\u00eda, cari\u00f1o y pasi\u00f3n del encuentro, entendemos las prisas. Localizaron al profesorado que esos a\u00f1os tuvimos la suerte de darles clase\u2026 y a celebrar.<\/p>\n\n\n\n<p>Seis docentes y cuarenta y cuatro criaturas de (actualmente) 42 a\u00f1os, pero coraz\u00f3n adolescente, asistimos al encuentro. Todo comenz\u00f3 con un paseo por el instituto: vieron por fuera el polideportivo, que entonces no exist\u00eda, el mural del 23 y el que est\u00e1 haciendo estas semanas Diana Ayensa con nuestro alumnado Erasmus, recorrimos los pasillos, abrimos la antigua cafeter\u00eda (\u00a1qu\u00e9 recuerdos!), la biblioteca\u2026 El momento m\u00e1s esperado fue la visita a sus aulas. Es incre\u00edble c\u00f3mo cuatro paredes y unas cuantas sillas y mesas pueden traer tantos recuerdos y emocionar tanto.<\/p>\n\n\n\n<p>Los cuatro profes (Olga Blanco, Mari Carmen Mateo, \u00c1ngel Mill\u00e1n y To\u00f1o Pe\u00f1a) les llevamos como corderitos a la sala de audiovisuales. Repasamos las fotos de la orla, las del cat\u00e1logo de 2\u00ba de Bachillerato, alguna excursi\u00f3n\u2026 Lo que no esperaban es ver un carro entero de diapositivas (filminas para la generaci\u00f3n boomer) de una acampada en \u00d3lvega y del viaje de estudios a Francia-Suiza-Italia-Austria de 2000. Fue un sorpres\u00f3n, nuevamente, muy emotivo. Las an\u00e9cdotas se sucedieron. Costaba m\u00e1s mantener cierto silencio y orden en las intervenciones que cuando eran adolescentes \ud83d\ude09<\/p>\n\n\n\n<p>Del IES Alhama, al Crucero a tomar el verm\u00fa. All\u00ed se sumaron otros dos hist\u00f3ricos: Paco del Campo y Mar\u00eda Jos\u00e9 Castrillo. Adem\u00e1s, fueron apareciendo alumnos y alumnas de aquella promoci\u00f3n hasta llegar a la incre\u00edble cifra de 44. Nos tomamos otro verm\u00fa en el S3, nos hicimos una foto de grupo en la Plaza de Espa\u00f1a y\u2026 \u00a1a comer!<\/p>\n\n\n\n<p>La comida fue una gozada porque todo estaba muy rico y la compa\u00f1\u00eda era inmejorable. Eso s\u00ed, los casi cincuenta comensales chill\u00e1bamos tanto que resultaba dif\u00edcil entender a quien ten\u00edamos enfrente. Varios terminamos roncos de tanto forzar la voz. Bueno, es el precio a pagar por las ganas de vernos, las risas, las incontables an\u00e9cdotas\u2026<\/p>\n\n\n\n<p>Tras la comida, caf\u00e9s y postre, nos fuimos al Amad\u00eds. Nuestro grupo pr\u00e1cticamente lo llenaba. En el bar ten\u00edamos un photo-call y unas gominolas y frutos secos para recordar la hora del recreo. \u00a1Qu\u00e9 detallistas! Nuevamente hubo fotos, risas\u2026 Villar Jim\u00e9nez, otra hist\u00f3rica, entr\u00f3 a saludar al alumnado. \u00a1Cu\u00e1ntas sorpesas!<\/p>\n\n\n\n<p>Hoy, domingo 9, nos han dicho que tras todos los eventos sobraron 305 euros. En vez de comprar loter\u00eda o guardar el dinero para mejor ocasi\u00f3n, han decidido donarlo a la Asociaci\u00f3n Espa\u00f1ola Contra el C\u00e1ncer. No existen palabras a la altura de este precioso y atinado gesto. Qu\u00e9 mejor manera de terminar las celebraciones de este aniversario \u00fanico.<\/p>\n\n\n\n<p>Los siete docentes que en alg\u00fan momento acompa\u00f1amos al alumnado ayer, y los que no pudieron estar por distintas razones pero que han sido informados profusamente, agradecemos enormemente la celebraci\u00f3n de este emotivo encuentro. Como dec\u00edamos ayer, la promoci\u00f3n 1999-2001 hab\u00e9is abierto la caja de Pandora y a partir de este fin de semana se os va a conocer como la generaci\u00f3n que empez\u00f3 una nueva tradici\u00f3n en forma de encuentro festivo e intergeneracional en el IES Alhama.<\/p>\n\n\n\n<p>Mil gracias y enhorabuena, sinceramente, por ser como sois. Ha sido un privilegio disfrutar vuestra adolescencia y, adem\u00e1s, este s\u00e1bado de noviembre glorioso.<\/p>\n\n\n\n<figure class=\"wp-block-gallery has-nested-images columns-default is-cropped\">\n<figure class=\"wp-block-image size-large\"><img loading=\"lazy\" width=\"1024\" height=\"768\" data-id=\"13148\"  src=\"https:\/\/iesalhama.educacion.navarra.es\/web1\/wp-content\/uploads\/2025\/11\/IMG-20251109-WA0042-1024x768.jpg\" alt=\"\" class=\"wp-image-13148\" srcset=\"https:\/\/iesalhama.educacion.navarra.es\/web1\/wp-content\/uploads\/2025\/11\/IMG-20251109-WA0042-1024x768.jpg 1024w, https:\/\/iesalhama.educacion.navarra.es\/web1\/wp-content\/uploads\/2025\/11\/IMG-20251109-WA0042-300x225.jpg 300w, https:\/\/iesalhama.educacion.navarra.es\/web1\/wp-content\/uploads\/2025\/11\/IMG-20251109-WA0042-768x576.jpg 768w, https:\/\/iesalhama.educacion.navarra.es\/web1\/wp-content\/uploads\/2025\/11\/IMG-20251109-WA0042-1536x1152.jpg 1536w, https:\/\/iesalhama.educacion.navarra.es\/web1\/wp-content\/uploads\/2025\/11\/IMG-20251109-WA0042.jpg 2048w\" sizes=\"(max-width: 1024px) 100vw, 1024px\" \/><\/figure>\n\n\n\n<figure class=\"wp-block-image size-large\"><img loading=\"lazy\" width=\"771\" height=\"1024\" data-id=\"13149\"  src=\"https:\/\/iesalhama.educacion.navarra.es\/web1\/wp-content\/uploads\/2025\/11\/IMG-20251109-WA0041-771x1024.jpg\" alt=\"\" class=\"wp-image-13149\" srcset=\"https:\/\/iesalhama.educacion.navarra.es\/web1\/wp-content\/uploads\/2025\/11\/IMG-20251109-WA0041-771x1024.jpg 771w, https:\/\/iesalhama.educacion.navarra.es\/web1\/wp-content\/uploads\/2025\/11\/IMG-20251109-WA0041-226x300.jpg 226w, https:\/\/iesalhama.educacion.navarra.es\/web1\/wp-content\/uploads\/2025\/11\/IMG-20251109-WA0041-768x1020.jpg 768w, https:\/\/iesalhama.educacion.navarra.es\/web1\/wp-content\/uploads\/2025\/11\/IMG-20251109-WA0041-1157x1536.jpg 1157w, https:\/\/iesalhama.educacion.navarra.es\/web1\/wp-content\/uploads\/2025\/11\/IMG-20251109-WA0041.jpg 1536w\" sizes=\"(max-width: 771px) 100vw, 771px\" \/><\/figure>\n\n\n\n<figure class=\"wp-block-image size-large\"><img loading=\"lazy\" width=\"1024\" height=\"768\" data-id=\"13153\"  src=\"https:\/\/iesalhama.educacion.navarra.es\/web1\/wp-content\/uploads\/2025\/11\/IMG-20251109-WA0034-1024x768.jpg\" alt=\"\" class=\"wp-image-13153\" srcset=\"https:\/\/iesalhama.educacion.navarra.es\/web1\/wp-content\/uploads\/2025\/11\/IMG-20251109-WA0034-1024x768.jpg 1024w, https:\/\/iesalhama.educacion.navarra.es\/web1\/wp-content\/uploads\/2025\/11\/IMG-20251109-WA0034-300x225.jpg 300w, https:\/\/iesalhama.educacion.navarra.es\/web1\/wp-content\/uploads\/2025\/11\/IMG-20251109-WA0034-768x576.jpg 768w, https:\/\/iesalhama.educacion.navarra.es\/web1\/wp-content\/uploads\/2025\/11\/IMG-20251109-WA0034-1536x1152.jpg 1536w, https:\/\/iesalhama.educacion.navarra.es\/web1\/wp-content\/uploads\/2025\/11\/IMG-20251109-WA0034.jpg 2000w\" sizes=\"(max-width: 1024px) 100vw, 1024px\" \/><\/figure>\n\n\n\n<figure class=\"wp-block-image size-large\"><img loading=\"lazy\" width=\"1024\" height=\"768\" data-id=\"13151\"  src=\"https:\/\/iesalhama.educacion.navarra.es\/web1\/wp-content\/uploads\/2025\/11\/IMG-20251109-WA0033-1024x768.jpg\" alt=\"\" class=\"wp-image-13151\" srcset=\"https:\/\/iesalhama.educacion.navarra.es\/web1\/wp-content\/uploads\/2025\/11\/IMG-20251109-WA0033-1024x768.jpg 1024w, https:\/\/iesalhama.educacion.navarra.es\/web1\/wp-content\/uploads\/2025\/11\/IMG-20251109-WA0033-300x225.jpg 300w, https:\/\/iesalhama.educacion.navarra.es\/web1\/wp-content\/uploads\/2025\/11\/IMG-20251109-WA0033-768x576.jpg 768w, https:\/\/iesalhama.educacion.navarra.es\/web1\/wp-content\/uploads\/2025\/11\/IMG-20251109-WA0033-1536x1152.jpg 1536w, https:\/\/iesalhama.educacion.navarra.es\/web1\/wp-content\/uploads\/2025\/11\/IMG-20251109-WA0033.jpg 2048w\" sizes=\"(max-width: 1024px) 100vw, 1024px\" \/><\/figure>\n\n\n\n<figure class=\"wp-block-image size-large\"><img loading=\"lazy\" width=\"1024\" height=\"768\" data-id=\"13150\"  src=\"https:\/\/iesalhama.educacion.navarra.es\/web1\/wp-content\/uploads\/2025\/11\/IMG-20251109-WA0031-1024x768.jpg\" alt=\"\" class=\"wp-image-13150\" srcset=\"https:\/\/iesalhama.educacion.navarra.es\/web1\/wp-content\/uploads\/2025\/11\/IMG-20251109-WA0031-1024x768.jpg 1024w, https:\/\/iesalhama.educacion.navarra.es\/web1\/wp-content\/uploads\/2025\/11\/IMG-20251109-WA0031-300x225.jpg 300w, https:\/\/iesalhama.educacion.navarra.es\/web1\/wp-content\/uploads\/2025\/11\/IMG-20251109-WA0031-768x576.jpg 768w, https:\/\/iesalhama.educacion.navarra.es\/web1\/wp-content\/uploads\/2025\/11\/IMG-20251109-WA0031-1536x1152.jpg 1536w, https:\/\/iesalhama.educacion.navarra.es\/web1\/wp-content\/uploads\/2025\/11\/IMG-20251109-WA0031.jpg 2048w\" sizes=\"(max-width: 1024px) 100vw, 1024px\" \/><\/figure>\n\n\n\n<figure class=\"wp-block-image size-large\"><img loading=\"lazy\" width=\"768\" height=\"1024\" data-id=\"13152\"  src=\"https:\/\/iesalhama.educacion.navarra.es\/web1\/wp-content\/uploads\/2025\/11\/IMG-20251109-WA0029-768x1024.jpg\" alt=\"\" class=\"wp-image-13152\" srcset=\"https:\/\/iesalhama.educacion.navarra.es\/web1\/wp-content\/uploads\/2025\/11\/IMG-20251109-WA0029-768x1024.jpg 768w, https:\/\/iesalhama.educacion.navarra.es\/web1\/wp-content\/uploads\/2025\/11\/IMG-20251109-WA0029-225x300.jpg 225w, https:\/\/iesalhama.educacion.navarra.es\/web1\/wp-content\/uploads\/2025\/11\/IMG-20251109-WA0029-1152x1536.jpg 1152w, https:\/\/iesalhama.educacion.navarra.es\/web1\/wp-content\/uploads\/2025\/11\/IMG-20251109-WA0029.jpg 1536w\" sizes=\"(max-width: 768px) 100vw, 768px\" \/><\/figure>\n\n\n\n<figure class=\"wp-block-image size-large\"><img loading=\"lazy\" width=\"1024\" height=\"768\" data-id=\"13157\"  src=\"https:\/\/iesalhama.educacion.navarra.es\/web1\/wp-content\/uploads\/2025\/11\/IMG-20251109-WA0027-1024x768.jpg\" alt=\"\" class=\"wp-image-13157\" srcset=\"https:\/\/iesalhama.educacion.navarra.es\/web1\/wp-content\/uploads\/2025\/11\/IMG-20251109-WA0027-1024x768.jpg 1024w, https:\/\/iesalhama.educacion.navarra.es\/web1\/wp-content\/uploads\/2025\/11\/IMG-20251109-WA0027-300x225.jpg 300w, https:\/\/iesalhama.educacion.navarra.es\/web1\/wp-content\/uploads\/2025\/11\/IMG-20251109-WA0027-768x576.jpg 768w, https:\/\/iesalhama.educacion.navarra.es\/web1\/wp-content\/uploads\/2025\/11\/IMG-20251109-WA0027-1536x1152.jpg 1536w, https:\/\/iesalhama.educacion.navarra.es\/web1\/wp-content\/uploads\/2025\/11\/IMG-20251109-WA0027.jpg 2000w\" sizes=\"(max-width: 1024px) 100vw, 1024px\" \/><\/figure>\n\n\n\n<figure class=\"wp-block-image size-large\"><img loading=\"lazy\" width=\"1024\" height=\"771\" data-id=\"13154\"  src=\"https:\/\/iesalhama.educacion.navarra.es\/web1\/wp-content\/uploads\/2025\/11\/IMG-20251109-WA0026-1024x771.jpg\" alt=\"\" class=\"wp-image-13154\" srcset=\"https:\/\/iesalhama.educacion.navarra.es\/web1\/wp-content\/uploads\/2025\/11\/IMG-20251109-WA0026-1024x771.jpg 1024w, https:\/\/iesalhama.educacion.navarra.es\/web1\/wp-content\/uploads\/2025\/11\/IMG-20251109-WA0026-300x226.jpg 300w, https:\/\/iesalhama.educacion.navarra.es\/web1\/wp-content\/uploads\/2025\/11\/IMG-20251109-WA0026-768x578.jpg 768w, https:\/\/iesalhama.educacion.navarra.es\/web1\/wp-content\/uploads\/2025\/11\/IMG-20251109-WA0026-1536x1156.jpg 1536w, https:\/\/iesalhama.educacion.navarra.es\/web1\/wp-content\/uploads\/2025\/11\/IMG-20251109-WA0026.jpg 1600w\" sizes=\"(max-width: 1024px) 100vw, 1024px\" \/><\/figure>\n\n\n\n<figure class=\"wp-block-image size-large\"><img loading=\"lazy\" width=\"1024\" height=\"768\" data-id=\"13155\"  src=\"https:\/\/iesalhama.educacion.navarra.es\/web1\/wp-content\/uploads\/2025\/11\/IMG-20251109-WA0025-1024x768.jpg\" alt=\"\" class=\"wp-image-13155\" srcset=\"https:\/\/iesalhama.educacion.navarra.es\/web1\/wp-content\/uploads\/2025\/11\/IMG-20251109-WA0025-1024x768.jpg 1024w, https:\/\/iesalhama.educacion.navarra.es\/web1\/wp-content\/uploads\/2025\/11\/IMG-20251109-WA0025-300x225.jpg 300w, https:\/\/iesalhama.educacion.navarra.es\/web1\/wp-content\/uploads\/2025\/11\/IMG-20251109-WA0025-768x576.jpg 768w, https:\/\/iesalhama.educacion.navarra.es\/web1\/wp-content\/uploads\/2025\/11\/IMG-20251109-WA0025-1536x1152.jpg 1536w, https:\/\/iesalhama.educacion.navarra.es\/web1\/wp-content\/uploads\/2025\/11\/IMG-20251109-WA0025.jpg 2048w\" sizes=\"(max-width: 1024px) 100vw, 1024px\" \/><\/figure>\n\n\n\n<figure class=\"wp-block-image size-large\"><img loading=\"lazy\" width=\"1024\" height=\"768\" data-id=\"13156\"  src=\"https:\/\/iesalhama.educacion.navarra.es\/web1\/wp-content\/uploads\/2025\/11\/IMG-20251109-WA0023-1024x768.jpg\" alt=\"\" class=\"wp-image-13156\" srcset=\"https:\/\/iesalhama.educacion.navarra.es\/web1\/wp-content\/uploads\/2025\/11\/IMG-20251109-WA0023-1024x768.jpg 1024w, https:\/\/iesalhama.educacion.navarra.es\/web1\/wp-content\/uploads\/2025\/11\/IMG-20251109-WA0023-300x225.jpg 300w, https:\/\/iesalhama.educacion.navarra.es\/web1\/wp-content\/uploads\/2025\/11\/IMG-20251109-WA0023-768x576.jpg 768w, https:\/\/iesalhama.educacion.navarra.es\/web1\/wp-content\/uploads\/2025\/11\/IMG-20251109-WA0023-1536x1152.jpg 1536w, https:\/\/iesalhama.educacion.navarra.es\/web1\/wp-content\/uploads\/2025\/11\/IMG-20251109-WA0023.jpg 1600w\" sizes=\"(max-width: 1024px) 100vw, 1024px\" \/><\/figure>\n\n\n\n<figure class=\"wp-block-image size-large\"><img loading=\"lazy\" width=\"1024\" height=\"625\" data-id=\"13158\"  src=\"https:\/\/iesalhama.educacion.navarra.es\/web1\/wp-content\/uploads\/2025\/11\/IMG-20251109-WA0022-1024x625.jpg\" alt=\"\" class=\"wp-image-13158\" srcset=\"https:\/\/iesalhama.educacion.navarra.es\/web1\/wp-content\/uploads\/2025\/11\/IMG-20251109-WA0022-1024x625.jpg 1024w, https:\/\/iesalhama.educacion.navarra.es\/web1\/wp-content\/uploads\/2025\/11\/IMG-20251109-WA0022-300x183.jpg 300w, https:\/\/iesalhama.educacion.navarra.es\/web1\/wp-content\/uploads\/2025\/11\/IMG-20251109-WA0022-768x469.jpg 768w, https:\/\/iesalhama.educacion.navarra.es\/web1\/wp-content\/uploads\/2025\/11\/IMG-20251109-WA0022-1536x938.jpg 1536w, https:\/\/iesalhama.educacion.navarra.es\/web1\/wp-content\/uploads\/2025\/11\/IMG-20251109-WA0022.jpg 2048w\" sizes=\"(max-width: 1024px) 100vw, 1024px\" \/><\/figure>\n\n\n\n<figure class=\"wp-block-image size-large\"><img loading=\"lazy\" width=\"768\" height=\"1024\" data-id=\"13159\"  src=\"https:\/\/iesalhama.educacion.navarra.es\/web1\/wp-content\/uploads\/2025\/11\/IMG-20251109-WA0021-768x1024.jpg\" alt=\"\" class=\"wp-image-13159\" srcset=\"https:\/\/iesalhama.educacion.navarra.es\/web1\/wp-content\/uploads\/2025\/11\/IMG-20251109-WA0021-768x1024.jpg 768w, https:\/\/iesalhama.educacion.navarra.es\/web1\/wp-content\/uploads\/2025\/11\/IMG-20251109-WA0021-225x300.jpg 225w, https:\/\/iesalhama.educacion.navarra.es\/web1\/wp-content\/uploads\/2025\/11\/IMG-20251109-WA0021-1152x1536.jpg 1152w, https:\/\/iesalhama.educacion.navarra.es\/web1\/wp-content\/uploads\/2025\/11\/IMG-20251109-WA0021.jpg 1536w\" sizes=\"(max-width: 768px) 100vw, 768px\" \/><\/figure>\n\n\n\n<figure class=\"wp-block-image size-large\"><img loading=\"lazy\" width=\"1024\" height=\"760\" data-id=\"13161\"  src=\"https:\/\/iesalhama.educacion.navarra.es\/web1\/wp-content\/uploads\/2025\/11\/IMG-20251109-WA0020-1024x760.jpg\" alt=\"\" class=\"wp-image-13161\" srcset=\"https:\/\/iesalhama.educacion.navarra.es\/web1\/wp-content\/uploads\/2025\/11\/IMG-20251109-WA0020-1024x760.jpg 1024w, https:\/\/iesalhama.educacion.navarra.es\/web1\/wp-content\/uploads\/2025\/11\/IMG-20251109-WA0020-300x223.jpg 300w, https:\/\/iesalhama.educacion.navarra.es\/web1\/wp-content\/uploads\/2025\/11\/IMG-20251109-WA0020-768x570.jpg 768w, https:\/\/iesalhama.educacion.navarra.es\/web1\/wp-content\/uploads\/2025\/11\/IMG-20251109-WA0020-1536x1139.jpg 1536w, https:\/\/iesalhama.educacion.navarra.es\/web1\/wp-content\/uploads\/2025\/11\/IMG-20251109-WA0020.jpg 1599w\" sizes=\"(max-width: 1024px) 100vw, 1024px\" \/><\/figure>\n\n\n\n<figure class=\"wp-block-image size-large\"><img loading=\"lazy\" width=\"768\" height=\"1024\" data-id=\"13163\"  src=\"https:\/\/iesalhama.educacion.navarra.es\/web1\/wp-content\/uploads\/2025\/11\/IMG-20251109-WA0046-768x1024.jpg\" alt=\"\" class=\"wp-image-13163\" srcset=\"https:\/\/iesalhama.educacion.navarra.es\/web1\/wp-content\/uploads\/2025\/11\/IMG-20251109-WA0046-768x1024.jpg 768w, https:\/\/iesalhama.educacion.navarra.es\/web1\/wp-content\/uploads\/2025\/11\/IMG-20251109-WA0046-225x300.jpg 225w, https:\/\/iesalhama.educacion.navarra.es\/web1\/wp-content\/uploads\/2025\/11\/IMG-20251109-WA0046-1152x1536.jpg 1152w, https:\/\/iesalhama.educacion.navarra.es\/web1\/wp-content\/uploads\/2025\/11\/IMG-20251109-WA0046.jpg 1200w\" sizes=\"(max-width: 768px) 100vw, 768px\" \/><\/figure>\n\n\n\n<figure class=\"wp-block-image size-large\"><img loading=\"lazy\" width=\"1024\" height=\"768\" data-id=\"13160\"  src=\"https:\/\/iesalhama.educacion.navarra.es\/web1\/wp-content\/uploads\/2025\/11\/IMG-20251109-WA0047-1024x768.jpg\" alt=\"\" class=\"wp-image-13160\" srcset=\"https:\/\/iesalhama.educacion.navarra.es\/web1\/wp-content\/uploads\/2025\/11\/IMG-20251109-WA0047-1024x768.jpg 1024w, https:\/\/iesalhama.educacion.navarra.es\/web1\/wp-content\/uploads\/2025\/11\/IMG-20251109-WA0047-300x225.jpg 300w, https:\/\/iesalhama.educacion.navarra.es\/web1\/wp-content\/uploads\/2025\/11\/IMG-20251109-WA0047-768x576.jpg 768w, https:\/\/iesalhama.educacion.navarra.es\/web1\/wp-content\/uploads\/2025\/11\/IMG-20251109-WA0047-1536x1152.jpg 1536w, https:\/\/iesalhama.educacion.navarra.es\/web1\/wp-content\/uploads\/2025\/11\/IMG-20251109-WA0047.jpg 1600w\" sizes=\"(max-width: 1024px) 100vw, 1024px\" \/><\/figure>\n\n\n\n<figure class=\"wp-block-image size-large\"><img loading=\"lazy\" width=\"1024\" height=\"695\" data-id=\"13162\"  src=\"https:\/\/iesalhama.educacion.navarra.es\/web1\/wp-content\/uploads\/2025\/11\/IMG-20251109-WA0035-1024x695.jpg\" alt=\"\" class=\"wp-image-13162\" srcset=\"https:\/\/iesalhama.educacion.navarra.es\/web1\/wp-content\/uploads\/2025\/11\/IMG-20251109-WA0035-1024x695.jpg 1024w, https:\/\/iesalhama.educacion.navarra.es\/web1\/wp-content\/uploads\/2025\/11\/IMG-20251109-WA0035-300x204.jpg 300w, https:\/\/iesalhama.educacion.navarra.es\/web1\/wp-content\/uploads\/2025\/11\/IMG-20251109-WA0035-768x521.jpg 768w, https:\/\/iesalhama.educacion.navarra.es\/web1\/wp-content\/uploads\/2025\/11\/IMG-20251109-WA0035.jpg 1327w\" sizes=\"(max-width: 1024px) 100vw, 1024px\" \/><\/figure>\n<\/figure>\n","protected":false},"excerpt":{"rendered":"<p>El s\u00e1bado, 8 de noviembre, vivimos algo que dif\u00edcilmente se puede explicar con palabras. Vamos a intentarlo. Un muy numeroso y a\u00fan m\u00e1s entusiasta grupo de alumnos y alumnas de la promoci\u00f3n 1999-2001 organizaron los meses previos su aniversario de graduaci\u00f3n. No pudieron esperar a que fuesen los 25 a\u00f1os, y vista la alegr\u00eda, cari\u00f1o [&hellip;]<\/p>\n","protected":false},"author":14,"featured_media":13162,"comment_status":"open","ping_status":"open","sticky":false,"template":"","format":"standard","meta":{"_genesis_hide_title":false,"_genesis_hide_breadcrumbs":false,"_genesis_hide_singular_image":false,"_genesis_hide_footer_widgets":false,"_genesis_custom_body_class":"","_genesis_custom_post_class":"","_genesis_layout":""},"categories":[92,1,72],"tags":[],"_links":{"self":[{"href":"https:\/\/iesalhama.educacion.navarra.es\/web1\/wp-json\/wp\/v2\/posts\/13147"}],"collection":[{"href":"https:\/\/iesalhama.educacion.navarra.es\/web1\/wp-json\/wp\/v2\/posts"}],"about":[{"href":"https:\/\/iesalhama.educacion.navarra.es\/web1\/wp-json\/wp\/v2\/types\/post"}],"author":[{"embeddable":true,"href":"https:\/\/iesalhama.educacion.navarra.es\/web1\/wp-json\/wp\/v2\/users\/14"}],"replies":[{"embeddable":true,"href":"https:\/\/iesalhama.educacion.navarra.es\/web1\/wp-json\/wp\/v2\/comments?post=13147"}],"version-history":[{"count":1,"href":"https:\/\/iesalhama.educacion.navarra.es\/web1\/wp-json\/wp\/v2\/posts\/13147\/revisions"}],"predecessor-version":[{"id":13164,"href":"https:\/\/iesalhama.educacion.navarra.es\/web1\/wp-json\/wp\/v2\/posts\/13147\/revisions\/13164"}],"wp:featuredmedia":[{"embeddable":true,"href":"https:\/\/iesalhama.educacion.navarra.es\/web1\/wp-json\/wp\/v2\/media\/13162"}],"wp:attachment":[{"href":"https:\/\/iesalhama.educacion.navarra.es\/web1\/wp-json\/wp\/v2\/media?parent=13147"}],"wp:term":[{"taxonomy":"category","embeddable":true,"href":"https:\/\/iesalhama.educacion.navarra.es\/web1\/wp-json\/wp\/v2\/categories?post=13147"},{"taxonomy":"post_tag","embeddable":true,"href":"https:\/\/iesalhama.educacion.navarra.es\/web1\/wp-json\/wp\/v2\/tags?post=13147"}],"curies":[{"name":"wp","href":"https:\/\/api.w.org\/{rel}","templated":true}]}}