{"id":13184,"date":"2025-11-26T09:33:51","date_gmt":"2025-11-26T08:33:51","guid":{"rendered":"https:\/\/iesalhama.educacion.navarra.es\/web1\/?p=13184"},"modified":"2025-11-26T10:28:59","modified_gmt":"2025-11-26T09:28:59","slug":"dia-internacional-contra-la-violencia-de-genero-3","status":"publish","type":"post","link":"https:\/\/iesalhama.educacion.navarra.es\/web1\/dia-internacional-contra-la-violencia-de-genero-3\/","title":{"rendered":"D\u00eda Internacional contra la Violencia de G\u00e9nero"},"content":{"rendered":"\n<p>Con motivo del <em>D\u00eda Internacional contra la Violencia de G\u00e9nero<\/em>, en el IES Alhama hemos llevado a cabo una serie de iniciativas:<\/p>\n\n\n\n<p>Los delegados y delegadas de 4.\u00ba de ESO han le\u00eddo un manifiesto en contra de la violencia machista al comienzo del recreo, en el Rinc\u00f3n Violeta, espacio del centro dedicado a la sensibilizaci\u00f3n y la igualdad.<\/p>\n\n\n\n<p>Por otro lado el alumnado de 4.\u00ba de ESO y del Grado B\u00e1sico de Cocina ha participado en un taller sobre el protocolo de actuaci\u00f3n ante la violencia de g\u00e9nero, impartido por la Polic\u00eda Foral, con el objetivo de ofrecer herramientas de prevenci\u00f3n y actuaci\u00f3n ante posibles situaciones de riesgo.<\/p>\n\n\n\n<p>Desde orientaci\u00f3n se promovi\u00f3 la elaboraci\u00f3n de un mural colaborativo<\/p>\n\n\n\n<p>Y finalmente, desde el departamento de Educaci\u00f3n F\u00edsica se organiz\u00f3 una carrera conmemorativa, que desgraciadamente tuvo que cancelarse ante las inclemencias meteorol\u00f3gicas.<\/p>\n\n\n\n<p><\/p>\n\n\n\n<figure class=\"wp-block-gallery has-nested-images columns-default is-cropped\">\n<figure class=\"wp-block-image size-large\"><img loading=\"lazy\" width=\"1024\" height=\"768\" data-id=\"13185\"  src=\"https:\/\/iesalhama.educacion.navarra.es\/web1\/wp-content\/uploads\/2025\/11\/Manifiesto-25N-1024x768.jpg\" alt=\"\" class=\"wp-image-13185\" srcset=\"https:\/\/iesalhama.educacion.navarra.es\/web1\/wp-content\/uploads\/2025\/11\/Manifiesto-25N-1024x768.jpg 1024w, https:\/\/iesalhama.educacion.navarra.es\/web1\/wp-content\/uploads\/2025\/11\/Manifiesto-25N-300x225.jpg 300w, https:\/\/iesalhama.educacion.navarra.es\/web1\/wp-content\/uploads\/2025\/11\/Manifiesto-25N-768x576.jpg 768w, https:\/\/iesalhama.educacion.navarra.es\/web1\/wp-content\/uploads\/2025\/11\/Manifiesto-25N.jpg 1280w\" sizes=\"(max-width: 1024px) 100vw, 1024px\" \/><\/figure>\n\n\n\n<figure class=\"wp-block-image size-large\"><img loading=\"lazy\" width=\"1024\" height=\"768\" data-id=\"13186\"  src=\"https:\/\/iesalhama.educacion.navarra.es\/web1\/wp-content\/uploads\/2025\/11\/Taller-Violencia-Genero-1024x768.jpg\" alt=\"\" class=\"wp-image-13186\" srcset=\"https:\/\/iesalhama.educacion.navarra.es\/web1\/wp-content\/uploads\/2025\/11\/Taller-Violencia-Genero-1024x768.jpg 1024w, https:\/\/iesalhama.educacion.navarra.es\/web1\/wp-content\/uploads\/2025\/11\/Taller-Violencia-Genero-300x225.jpg 300w, https:\/\/iesalhama.educacion.navarra.es\/web1\/wp-content\/uploads\/2025\/11\/Taller-Violencia-Genero-768x576.jpg 768w, https:\/\/iesalhama.educacion.navarra.es\/web1\/wp-content\/uploads\/2025\/11\/Taller-Violencia-Genero.jpg 1280w\" sizes=\"(max-width: 1024px) 100vw, 1024px\" \/><\/figure>\n\n\n\n<figure class=\"wp-block-image size-large\"><img loading=\"lazy\" width=\"1024\" height=\"768\" data-id=\"13193\"  src=\"https:\/\/iesalhama.educacion.navarra.es\/web1\/wp-content\/uploads\/2025\/11\/1000087254-1-1024x768.jpg\" alt=\"\" class=\"wp-image-13193\" srcset=\"https:\/\/iesalhama.educacion.navarra.es\/web1\/wp-content\/uploads\/2025\/11\/1000087254-1-1024x768.jpg 1024w, https:\/\/iesalhama.educacion.navarra.es\/web1\/wp-content\/uploads\/2025\/11\/1000087254-1-300x225.jpg 300w, https:\/\/iesalhama.educacion.navarra.es\/web1\/wp-content\/uploads\/2025\/11\/1000087254-1-768x576.jpg 768w, https:\/\/iesalhama.educacion.navarra.es\/web1\/wp-content\/uploads\/2025\/11\/1000087254-1.jpg 1200w\" sizes=\"(max-width: 1024px) 100vw, 1024px\" \/><\/figure>\n<\/figure>\n","protected":false},"excerpt":{"rendered":"<p>Con motivo del D\u00eda Internacional contra la Violencia de G\u00e9nero, en el IES Alhama hemos llevado a cabo una serie de iniciativas: Los delegados y delegadas de 4.\u00ba de ESO han le\u00eddo un manifiesto en contra de la violencia machista al comienzo del recreo, en el Rinc\u00f3n Violeta, espacio del centro dedicado a la sensibilizaci\u00f3n [&hellip;]<\/p>\n","protected":false},"author":14,"featured_media":13185,"comment_status":"open","ping_status":"open","sticky":false,"template":"","format":"standard","meta":{"_genesis_hide_title":false,"_genesis_hide_breadcrumbs":false,"_genesis_hide_singular_image":false,"_genesis_hide_footer_widgets":false,"_genesis_custom_body_class":"","_genesis_custom_post_class":"","_genesis_layout":""},"categories":[92,1,72],"tags":[],"_links":{"self":[{"href":"https:\/\/iesalhama.educacion.navarra.es\/web1\/wp-json\/wp\/v2\/posts\/13184"}],"collection":[{"href":"https:\/\/iesalhama.educacion.navarra.es\/web1\/wp-json\/wp\/v2\/posts"}],"about":[{"href":"https:\/\/iesalhama.educacion.navarra.es\/web1\/wp-json\/wp\/v2\/types\/post"}],"author":[{"embeddable":true,"href":"https:\/\/iesalhama.educacion.navarra.es\/web1\/wp-json\/wp\/v2\/users\/14"}],"replies":[{"embeddable":true,"href":"https:\/\/iesalhama.educacion.navarra.es\/web1\/wp-json\/wp\/v2\/comments?post=13184"}],"version-history":[{"count":2,"href":"https:\/\/iesalhama.educacion.navarra.es\/web1\/wp-json\/wp\/v2\/posts\/13184\/revisions"}],"predecessor-version":[{"id":13194,"href":"https:\/\/iesalhama.educacion.navarra.es\/web1\/wp-json\/wp\/v2\/posts\/13184\/revisions\/13194"}],"wp:featuredmedia":[{"embeddable":true,"href":"https:\/\/iesalhama.educacion.navarra.es\/web1\/wp-json\/wp\/v2\/media\/13185"}],"wp:attachment":[{"href":"https:\/\/iesalhama.educacion.navarra.es\/web1\/wp-json\/wp\/v2\/media?parent=13184"}],"wp:term":[{"taxonomy":"category","embeddable":true,"href":"https:\/\/iesalhama.educacion.navarra.es\/web1\/wp-json\/wp\/v2\/categories?post=13184"},{"taxonomy":"post_tag","embeddable":true,"href":"https:\/\/iesalhama.educacion.navarra.es\/web1\/wp-json\/wp\/v2\/tags?post=13184"}],"curies":[{"name":"wp","href":"https:\/\/api.w.org\/{rel}","templated":true}]}}