{"id":13255,"date":"2026-02-04T09:37:42","date_gmt":"2026-02-04T08:37:42","guid":{"rendered":"https:\/\/iesalhama.educacion.navarra.es\/web1\/?p=13255"},"modified":"2026-02-04T09:37:42","modified_gmt":"2026-02-04T08:37:42","slug":"charla-de-estela-navascues","status":"publish","type":"post","link":"https:\/\/iesalhama.educacion.navarra.es\/web1\/charla-de-estela-navascues\/","title":{"rendered":"Charla de Estela Navascu\u00e9s"},"content":{"rendered":"\n<p>La atleta tudelana\u00a0Estela Navascu\u00e9s Parra nos visit\u00f3 el 29 de enero para contarnos, entre otras cosas, su trayectoria deportiva, su participaci\u00f3n en los Juegos Ol\u00edmpicos de R\u00edo de Janeiro 2016 y las dificultades para seguir su carrera como atleta tras quedarse embarazada en 2017.<br>El alumnado de 3\u00ba de la ESO, 130 estudiantes en total, y siete docentes\u00a0 disfrutamos la charla. Hubo varias\u00a0preguntas muy interesantes y fotos del alumnado con Estela.\u00a0<br>Es un privilegio y un placer contar con atletas ol\u00edmpicas en nuestras clases. Esperamos seguir disfrutando estas charlas en el futuro.\u00a0<\/p>\n\n\n\n<figure class=\"wp-block-gallery has-nested-images columns-default is-cropped\">\n<figure class=\"wp-block-image size-large\"><img loading=\"lazy\" width=\"1024\" height=\"768\" data-id=\"13257\"  src=\"https:\/\/iesalhama.educacion.navarra.es\/web1\/wp-content\/uploads\/2026\/02\/1769683537190-1-1024x768.jpg\" alt=\"\" class=\"wp-image-13257\" srcset=\"https:\/\/iesalhama.educacion.navarra.es\/web1\/wp-content\/uploads\/2026\/02\/1769683537190-1-1024x768.jpg 1024w, https:\/\/iesalhama.educacion.navarra.es\/web1\/wp-content\/uploads\/2026\/02\/1769683537190-1-300x225.jpg 300w, https:\/\/iesalhama.educacion.navarra.es\/web1\/wp-content\/uploads\/2026\/02\/1769683537190-1-768x576.jpg 768w, https:\/\/iesalhama.educacion.navarra.es\/web1\/wp-content\/uploads\/2026\/02\/1769683537190-1-1536x1152.jpg 1536w, https:\/\/iesalhama.educacion.navarra.es\/web1\/wp-content\/uploads\/2026\/02\/1769683537190-1.jpg 2000w\" sizes=\"(max-width: 1024px) 100vw, 1024px\" \/><\/figure>\n\n\n\n<figure class=\"wp-block-image size-large\"><img loading=\"lazy\" width=\"1024\" height=\"768\" data-id=\"13256\"  src=\"https:\/\/iesalhama.educacion.navarra.es\/web1\/wp-content\/uploads\/2026\/02\/1769683537173-1-1024x768.jpg\" alt=\"\" class=\"wp-image-13256\" srcset=\"https:\/\/iesalhama.educacion.navarra.es\/web1\/wp-content\/uploads\/2026\/02\/1769683537173-1-1024x768.jpg 1024w, https:\/\/iesalhama.educacion.navarra.es\/web1\/wp-content\/uploads\/2026\/02\/1769683537173-1-300x225.jpg 300w, https:\/\/iesalhama.educacion.navarra.es\/web1\/wp-content\/uploads\/2026\/02\/1769683537173-1-768x576.jpg 768w, https:\/\/iesalhama.educacion.navarra.es\/web1\/wp-content\/uploads\/2026\/02\/1769683537173-1-1536x1152.jpg 1536w, https:\/\/iesalhama.educacion.navarra.es\/web1\/wp-content\/uploads\/2026\/02\/1769683537173-1.jpg 2000w\" sizes=\"(max-width: 1024px) 100vw, 1024px\" \/><\/figure>\n<\/figure>\n","protected":false},"excerpt":{"rendered":"<p>La atleta tudelana\u00a0Estela Navascu\u00e9s Parra nos visit\u00f3 el 29 de enero para contarnos, entre otras cosas, su trayectoria deportiva, su participaci\u00f3n en los Juegos Ol\u00edmpicos de R\u00edo de Janeiro 2016 y las dificultades para seguir su carrera como atleta tras quedarse embarazada en 2017.El alumnado de 3\u00ba de la ESO, 130 estudiantes en total, y [&hellip;]<\/p>\n","protected":false},"author":14,"featured_media":13257,"comment_status":"open","ping_status":"open","sticky":false,"template":"","format":"standard","meta":{"_genesis_hide_title":false,"_genesis_hide_breadcrumbs":false,"_genesis_hide_singular_image":false,"_genesis_hide_footer_widgets":false,"_genesis_custom_body_class":"","_genesis_custom_post_class":"","_genesis_layout":""},"categories":[92,1,72],"tags":[],"_links":{"self":[{"href":"https:\/\/iesalhama.educacion.navarra.es\/web1\/wp-json\/wp\/v2\/posts\/13255"}],"collection":[{"href":"https:\/\/iesalhama.educacion.navarra.es\/web1\/wp-json\/wp\/v2\/posts"}],"about":[{"href":"https:\/\/iesalhama.educacion.navarra.es\/web1\/wp-json\/wp\/v2\/types\/post"}],"author":[{"embeddable":true,"href":"https:\/\/iesalhama.educacion.navarra.es\/web1\/wp-json\/wp\/v2\/users\/14"}],"replies":[{"embeddable":true,"href":"https:\/\/iesalhama.educacion.navarra.es\/web1\/wp-json\/wp\/v2\/comments?post=13255"}],"version-history":[{"count":1,"href":"https:\/\/iesalhama.educacion.navarra.es\/web1\/wp-json\/wp\/v2\/posts\/13255\/revisions"}],"predecessor-version":[{"id":13258,"href":"https:\/\/iesalhama.educacion.navarra.es\/web1\/wp-json\/wp\/v2\/posts\/13255\/revisions\/13258"}],"wp:featuredmedia":[{"embeddable":true,"href":"https:\/\/iesalhama.educacion.navarra.es\/web1\/wp-json\/wp\/v2\/media\/13257"}],"wp:attachment":[{"href":"https:\/\/iesalhama.educacion.navarra.es\/web1\/wp-json\/wp\/v2\/media?parent=13255"}],"wp:term":[{"taxonomy":"category","embeddable":true,"href":"https:\/\/iesalhama.educacion.navarra.es\/web1\/wp-json\/wp\/v2\/categories?post=13255"},{"taxonomy":"post_tag","embeddable":true,"href":"https:\/\/iesalhama.educacion.navarra.es\/web1\/wp-json\/wp\/v2\/tags?post=13255"}],"curies":[{"name":"wp","href":"https:\/\/api.w.org\/{rel}","templated":true}]}}