{"id":13379,"date":"2026-04-28T12:55:57","date_gmt":"2026-04-28T10:55:57","guid":{"rendered":"https:\/\/iesalhama.educacion.navarra.es\/web1\/?p=13379"},"modified":"2026-04-28T12:55:58","modified_gmt":"2026-04-28T10:55:58","slug":"v-olimpiada-de-gramatica","status":"publish","type":"post","link":"https:\/\/iesalhama.educacion.navarra.es\/web1\/v-olimpiada-de-gramatica\/","title":{"rendered":"V Olimpiada de Gram\u00e1tica"},"content":{"rendered":"\n<p id=\"m_4587950967128516102docs-internal-guid-88dca6f2-7fff-03ef-e86e-a914c0323056\">El pasado viernes, 24 de abril, las alumnas Leyre Vall\u00e9s, de 4\u00ba ESO-A, y Sara Alji\u0107, de 4\u00ba ESO-B1, participaron en la V Olimpiada de Gram\u00e1tica celebrada en la Universidad Aut\u00f3noma de Barcelona, en su sede de la Casa Convalesc\u00e8ncia. Participaron 22 institutos de toda Espa\u00f1a. Las pruebas consistieron en la explicaci\u00f3n de cuestiones relacionadas con la gram\u00e1tica competencial.<\/p>\n\n\n\n<p>La experiencia ha resultado muy emocionante y positiva.&nbsp;<\/p>\n\n\n\n<p>Enhorabuena y muchas felicidades a las participantes por su esfuerzo y entusiasmo.<\/p>\n\n\n\n<figure class=\"wp-block-gallery has-nested-images columns-default is-cropped\">\n<figure class=\"wp-block-image size-large\"><img loading=\"lazy\" width=\"1024\" height=\"895\" data-id=\"13382\"  src=\"https:\/\/iesalhama.educacion.navarra.es\/web1\/wp-content\/uploads\/2026\/04\/20260424_184359-1-1024x895.jpg\" alt=\"\" class=\"wp-image-13382\" srcset=\"https:\/\/iesalhama.educacion.navarra.es\/web1\/wp-content\/uploads\/2026\/04\/20260424_184359-1-1024x895.jpg 1024w, https:\/\/iesalhama.educacion.navarra.es\/web1\/wp-content\/uploads\/2026\/04\/20260424_184359-1-300x262.jpg 300w, https:\/\/iesalhama.educacion.navarra.es\/web1\/wp-content\/uploads\/2026\/04\/20260424_184359-1-768x672.jpg 768w, https:\/\/iesalhama.educacion.navarra.es\/web1\/wp-content\/uploads\/2026\/04\/20260424_184359-1-1536x1343.jpg 1536w, https:\/\/iesalhama.educacion.navarra.es\/web1\/wp-content\/uploads\/2026\/04\/20260424_184359-1.jpg 1800w\" sizes=\"(max-width: 1024px) 100vw, 1024px\" \/><\/figure>\n\n\n\n<figure class=\"wp-block-image size-large\"><img loading=\"lazy\" width=\"768\" height=\"1024\" data-id=\"13381\"  src=\"https:\/\/iesalhama.educacion.navarra.es\/web1\/wp-content\/uploads\/2026\/04\/IMG-20260424-WA0001-768x1024.jpg\" alt=\"\" class=\"wp-image-13381\" srcset=\"https:\/\/iesalhama.educacion.navarra.es\/web1\/wp-content\/uploads\/2026\/04\/IMG-20260424-WA0001-768x1024.jpg 768w, https:\/\/iesalhama.educacion.navarra.es\/web1\/wp-content\/uploads\/2026\/04\/IMG-20260424-WA0001-225x300.jpg 225w, https:\/\/iesalhama.educacion.navarra.es\/web1\/wp-content\/uploads\/2026\/04\/IMG-20260424-WA0001-1152x1536.jpg 1152w, https:\/\/iesalhama.educacion.navarra.es\/web1\/wp-content\/uploads\/2026\/04\/IMG-20260424-WA0001.jpg 1200w\" sizes=\"(max-width: 768px) 100vw, 768px\" \/><\/figure>\n\n\n\n<figure class=\"wp-block-image size-large\"><img loading=\"lazy\" width=\"768\" height=\"1024\" data-id=\"13380\"  src=\"https:\/\/iesalhama.educacion.navarra.es\/web1\/wp-content\/uploads\/2026\/04\/IMG-20260424-WA0005-768x1024.jpg\" alt=\"\" class=\"wp-image-13380\" srcset=\"https:\/\/iesalhama.educacion.navarra.es\/web1\/wp-content\/uploads\/2026\/04\/IMG-20260424-WA0005-768x1024.jpg 768w, https:\/\/iesalhama.educacion.navarra.es\/web1\/wp-content\/uploads\/2026\/04\/IMG-20260424-WA0005-225x300.jpg 225w, https:\/\/iesalhama.educacion.navarra.es\/web1\/wp-content\/uploads\/2026\/04\/IMG-20260424-WA0005-1152x1536.jpg 1152w, https:\/\/iesalhama.educacion.navarra.es\/web1\/wp-content\/uploads\/2026\/04\/IMG-20260424-WA0005.jpg 1200w\" sizes=\"(max-width: 768px) 100vw, 768px\" \/><\/figure>\n<\/figure>\n","protected":false},"excerpt":{"rendered":"<p>El pasado viernes, 24 de abril, las alumnas Leyre Vall\u00e9s, de 4\u00ba ESO-A, y Sara Alji\u0107, de 4\u00ba ESO-B1, participaron en la V Olimpiada de Gram\u00e1tica celebrada en la Universidad Aut\u00f3noma de Barcelona, en su sede de la Casa Convalesc\u00e8ncia. Participaron 22 institutos de toda Espa\u00f1a. Las pruebas consistieron en la explicaci\u00f3n de cuestiones relacionadas [&hellip;]<\/p>\n","protected":false},"author":14,"featured_media":13382,"comment_status":"open","ping_status":"open","sticky":false,"template":"","format":"standard","meta":{"_genesis_hide_title":false,"_genesis_hide_breadcrumbs":false,"_genesis_hide_singular_image":false,"_genesis_hide_footer_widgets":false,"_genesis_custom_body_class":"","_genesis_custom_post_class":"","_genesis_layout":""},"categories":[92,1,72],"tags":[],"_links":{"self":[{"href":"https:\/\/iesalhama.educacion.navarra.es\/web1\/wp-json\/wp\/v2\/posts\/13379"}],"collection":[{"href":"https:\/\/iesalhama.educacion.navarra.es\/web1\/wp-json\/wp\/v2\/posts"}],"about":[{"href":"https:\/\/iesalhama.educacion.navarra.es\/web1\/wp-json\/wp\/v2\/types\/post"}],"author":[{"embeddable":true,"href":"https:\/\/iesalhama.educacion.navarra.es\/web1\/wp-json\/wp\/v2\/users\/14"}],"replies":[{"embeddable":true,"href":"https:\/\/iesalhama.educacion.navarra.es\/web1\/wp-json\/wp\/v2\/comments?post=13379"}],"version-history":[{"count":1,"href":"https:\/\/iesalhama.educacion.navarra.es\/web1\/wp-json\/wp\/v2\/posts\/13379\/revisions"}],"predecessor-version":[{"id":13383,"href":"https:\/\/iesalhama.educacion.navarra.es\/web1\/wp-json\/wp\/v2\/posts\/13379\/revisions\/13383"}],"wp:featuredmedia":[{"embeddable":true,"href":"https:\/\/iesalhama.educacion.navarra.es\/web1\/wp-json\/wp\/v2\/media\/13382"}],"wp:attachment":[{"href":"https:\/\/iesalhama.educacion.navarra.es\/web1\/wp-json\/wp\/v2\/media?parent=13379"}],"wp:term":[{"taxonomy":"category","embeddable":true,"href":"https:\/\/iesalhama.educacion.navarra.es\/web1\/wp-json\/wp\/v2\/categories?post=13379"},{"taxonomy":"post_tag","embeddable":true,"href":"https:\/\/iesalhama.educacion.navarra.es\/web1\/wp-json\/wp\/v2\/tags?post=13379"}],"curies":[{"name":"wp","href":"https:\/\/api.w.org\/{rel}","templated":true}]}}