{"id":157,"date":"2013-05-02T21:39:31","date_gmt":"2013-05-02T19:39:31","guid":{"rendered":"https:\/\/iesalhama.educacion.navarra.es\/web1\/blog\/2013\/05\/02\/viaje-cultural-a-logrono\/"},"modified":"2013-05-02T21:39:31","modified_gmt":"2013-05-02T19:39:31","slug":"viaje-cultural-a-logrono","status":"publish","type":"post","link":"https:\/\/iesalhama.educacion.navarra.es\/web1\/viaje-cultural-a-logrono\/","title":{"rendered":"* Viaje cultural a Logro\u00f1o"},"content":{"rendered":"\n<p style=\"text-align: justify;\"><span style=\"font-family: Arial;\">El pasado jueves, d\u00eda 25 de abril de 2013, los alumnos de 1\u00ba de bachillerato del IES Alhama de Corella y de <st1:personname productid=\"la Escuela\">la Escuela<\/st1:personname> de Artes y Oficios realizamos un viaje cultural a Logro\u00f1o para asistir a la representaci\u00f3n teatral de <span style=\"text-decoration: underline;\">La vida es sue\u00f1o<\/span>, de Pedro Calder\u00f3n de <st1:personname productid=\"la Barca.\">la Barca.<\/st1:personname><\/span><\/p>\n<p style=\"text-align: justify;\"><span style=\"font-family: Arial;\">&nbsp;<\/span><\/p>\n<p style=\"text-align: justify;\"><span style=\"font-family: Arial;\">La obra estaba representada por un \u00fanico actor, que pertenec\u00eda a la compa\u00f1\u00eda de teatro Aedo. Este realizaba el papel de un bulul\u00fa, es decir, un personaje del Siglo de Oro espa\u00f1ol que se encargaba de realizar obras de teatro de pueblo en pueblo en forma de mon\u00f3logo, ya que \u00e9l realizaba todos los papeles que interven\u00edan en la obra. <\/span><\/p>\n<p style=\"text-align: justify;\"><span style=\"font-family: Arial;\">La representaci\u00f3n dur\u00f3 unas dos horas, en las que el joven actor consigui\u00f3 atraer al p\u00fablico haci\u00e9ndoles participar en la obra haciendo efectos especiales como el ruido de las ca\u00eddas o el galope de los caballos. No solo se limitaba a representar sus papeles, sino que durante ciertos momentos paraba y hablaba con todo el mundo que se encontraba en la sala para conseguir captar la atenci\u00f3n de todos antes de seguir con la escena. Y, adem\u00e1s de representar la obra, explicaba entre bromas c\u00f3mo era el teatro durante el Siglo de Oro, los corrales de comedias y las persecuciones hacia los actores cuando se cerraban los corrales.<\/span><\/p>\n<p style=\"text-align: justify;\"><span style=\"font-family: Arial;\">&nbsp;<\/span><\/p>\n<p style=\"text-align: justify;\"><span style=\"font-family: Arial;\">Al finalizar la obra se abri\u00f3 un coloquio en el que varios alumnos le hicieron preguntas sobre la realizaci\u00f3n de la obra y el proceso de aprendizaje de todos los papeles y di\u00e1logos. <\/span><\/p>\n<p style=\"text-align: justify;\"><span style=\"font-family: Arial;\">&nbsp;<\/span><\/p>\n<p style=\"text-align: justify;\"><span style=\"text-decoration: underline;\"><span style=\"font-family: Arial;\">La vida es sue\u00f1o<\/span><\/span><span style=\"font-family: Arial;\"> es una gran obra de teatro escrita por Calder\u00f3n de la Barca ,y representada en este caso por la compa\u00f1\u00eda de actores Aedo, que ofrece una innovadora forma de actuar al ser un \u00fanico actor el que representa todos los papeles. Es por esto que animamos a todo el mundo a ver la representaci\u00f3n, ya que es una manera m\u00e1s divertida de aprender la historia de la literatura espa\u00f1ola y ver un cl\u00e1sico literario acompa\u00f1ado de tus amigos.<\/span><\/p>\n<p style=\"text-align: justify;\"><span style=\"font-family: Arial;\">&nbsp;<\/span><\/p>\n<p style=\"text-align: justify;\"><span style=\"font-family: Arial;\">Aparte de esta representaci\u00f3n teatral, el viernes 19 de Abril asistimos a la obra <span style=\"text-decoration: underline;\">El Tartufo,<\/span> representada por los alumnos de segundo de bachillerato del IES Navarro Villoslada, de Pamplona.<\/span><\/p>\n<p style=\"text-align: justify;\"><span style=\"font-family: Arial;\">En esta ocasi\u00f3n la representaci\u00f3n fue muy especial, ya que fue un homenaje de despedida a Ignacio Aranguren, que ha sido durante 35 a\u00f1os el director de los teatros representados por este instituto y con los que ha ganado numerosos premios nacionales.<\/span><\/p>\n<p style=\"text-align: justify;\"><span style=\"font-family: Arial;\">En la obra se pudo apreciar una fuerte cr\u00edtica a la situaci\u00f3n en la que se encuentra Espa\u00f1a en este momento, pero siempre acompa\u00f1ada por un gran sentido del humor. <\/span><\/p>\n<p style=\"text-align: justify;\"><span style=\"font-family: Arial;\">Aranguren acab\u00f3 su carrera igual que la empez\u00f3, representando la obra el <span style=\"text-decoration: underline;\">Tartufo<\/span>, lo que supuso un momento muy emotivo.<\/span><\/p>\n<p style=\"text-align: justify;\"><span style=\"font-family: Arial;\">&nbsp;<\/span><\/p>\n<p style=\"text-align: justify;\"><span style=\"font-family: Arial;\">Desde aqu\u00ed queremos dar las gracias por dejarnos participar de estas dos grandes obras de teatro que han supuesto para sus actores numerosas horas de esfuerzo y trabajo, y animamos a todos a que acuda\u00edas a todas las representaciones que pod\u00e1is, ya que de las obras e historias puedes aprender una lecci\u00f3n para la vida real.<\/span><\/p>\n<p style=\"text-align: justify;\"><span style=\"font-family: Arial;\">&nbsp;<\/span><\/p>\n<p style=\"text-align: right;\"><span style=\"font-family: Arial;\"><span style=\"font-size: 10pt;\"><strong><span style=\"color: #800000;\">Noelia Garc\u00eda y Laura Catal\u00e1n<\/span><\/strong><\/span> 1\u00ba Bachillerato<\/span><\/p>\n","protected":false},"excerpt":{"rendered":"<p>El pasado jueves, d\u00eda 25 de abril de 2013, los alumnos de 1\u00ba de bachillerato del IES Alhama de Corella y de la Escuela de Artes y Oficios realizamos un viaje cultural a Logro\u00f1o para asistir a la representaci\u00f3n teatral de La vida es sue\u00f1o, de Pedro Calder\u00f3n de la Barca. &nbsp; La obra estaba [&hellip;]<\/p>\n","protected":false},"author":1,"featured_media":0,"comment_status":"open","ping_status":"open","sticky":false,"template":"","format":"standard","meta":{"_genesis_hide_title":false,"_genesis_hide_breadcrumbs":false,"_genesis_hide_singular_image":false,"_genesis_hide_footer_widgets":false,"_genesis_custom_body_class":"","_genesis_custom_post_class":"","_genesis_layout":""},"categories":[1],"tags":[],"_links":{"self":[{"href":"https:\/\/iesalhama.educacion.navarra.es\/web1\/wp-json\/wp\/v2\/posts\/157"}],"collection":[{"href":"https:\/\/iesalhama.educacion.navarra.es\/web1\/wp-json\/wp\/v2\/posts"}],"about":[{"href":"https:\/\/iesalhama.educacion.navarra.es\/web1\/wp-json\/wp\/v2\/types\/post"}],"author":[{"embeddable":true,"href":"https:\/\/iesalhama.educacion.navarra.es\/web1\/wp-json\/wp\/v2\/users\/1"}],"replies":[{"embeddable":true,"href":"https:\/\/iesalhama.educacion.navarra.es\/web1\/wp-json\/wp\/v2\/comments?post=157"}],"version-history":[{"count":0,"href":"https:\/\/iesalhama.educacion.navarra.es\/web1\/wp-json\/wp\/v2\/posts\/157\/revisions"}],"wp:attachment":[{"href":"https:\/\/iesalhama.educacion.navarra.es\/web1\/wp-json\/wp\/v2\/media?parent=157"}],"wp:term":[{"taxonomy":"category","embeddable":true,"href":"https:\/\/iesalhama.educacion.navarra.es\/web1\/wp-json\/wp\/v2\/categories?post=157"},{"taxonomy":"post_tag","embeddable":true,"href":"https:\/\/iesalhama.educacion.navarra.es\/web1\/wp-json\/wp\/v2\/tags?post=157"}],"curies":[{"name":"wp","href":"https:\/\/api.w.org\/{rel}","templated":true}]}}