{"id":225,"date":"2014-02-11T22:12:30","date_gmt":"2014-02-11T21:12:30","guid":{"rendered":"https:\/\/iesalhama.educacion.navarra.es\/web1\/blog\/2014\/02\/11\/proyecto-comenius-en-el-ies-alhama\/"},"modified":"2014-02-11T22:12:30","modified_gmt":"2014-02-11T21:12:30","slug":"proyecto-comenius-en-el-ies-alhama","status":"publish","type":"post","link":"https:\/\/iesalhama.educacion.navarra.es\/web1\/proyecto-comenius-en-el-ies-alhama\/","title":{"rendered":"* El IES Alhama participa en un proyecto Comenius"},"content":{"rendered":"\n<p style=\"margin: 0cm 0cm 0.0001pt;\"><span style=\"font-size: 11.5pt; font-family: Arial;\">&nbsp;&nbsp;&nbsp;&nbsp;&nbsp;&nbsp;&nbsp;&nbsp;&nbsp;<\/span><\/p>\n<p style=\"margin: 0cm 0cm 0.0001pt; text-align: left;\"><span style=\"font-size: 11.5pt; font-family: Arial;\"> El <span style=\"color: #000000;\">IES Alhama<\/span> va a estar participando durante los cursos 2013-14 y 2014-15 en un <span style=\"color: #800000;\"><strong>Proyecto Europeo Comenius<\/strong><\/span> denominado <span style=\"color: green;\">\u201c<strong>A GREENER WORLD<\/strong>\u201d<\/span>(un mundo m\u00e1s verde). En el proyecto se trabajar\u00e1n temas relacionados con la ecolog\u00eda.<\/span><\/p>\n<p style=\"margin: 0cm 0cm 0.0001pt; text-align: left;\"><span style=\"font-size: 11.5pt; font-family: Arial;\">&nbsp;<\/span><span style=\"font-size: 15.555556297302246px; font-family: Arial; text-align: left; line-height: 1.5;\">El proyecto se lleva a cabo junto a institutos de:<\/span><span style=\"color: #800000; font-size: 12pt;\"> <strong>Italia, Portugal, Polonia, Francia, Turqu\u00eda y Eslovaquia<\/strong><\/span><span style=\"font-size: 15.555556297302246px; font-family: Arial; text-align: left; line-height: 1.5;\"><span style=\"font-size: 12pt;\">,<\/span> siendo el ingl\u00e9s la lengua de comunicaci\u00f3n.<\/span><\/p>\n<p style=\"margin: 0cm 0cm 0.0001pt; text-align: left;\"><span style=\"font-size: 11.5pt; font-family: Arial;\">&nbsp;<\/span><span style=\"font-size: 15.555556297302246px; font-family: Arial; text-align: left; line-height: 1.5;\">Durante el presente curso 2013-14 se est\u00e1 desarrollando la primera fase del proyecto y el primer encuentro de profesores y alumnos de todos los centros participantes, tuvo lugar en <span style=\"color: #800000;\"><strong>Turqu\u00eda<\/strong><\/span> del 5 al 9 de noviembre del a\u00f1o pasado. All\u00ed se realiz\u00f3 la primera puesta en com\u00fan de todas las actividades que se realizaron hasta ese momento.<\/span><\/p>\n<p style=\"text-align: left;\"><span style=\"font-size: 11.5pt; font-family: Arial;\">A finales de este mes de febrero (del 26 al 28) visitar\u00e1n <span style=\"color: #800000;\"><strong>Corella<\/strong><\/span> profesorado y alumnado del resto de los pa\u00edses participantes. A lo largo de este curso y del pr\u00f3ximo continuar\u00e1 el proyecto Comenius con la realizaci\u00f3n de diversas actividades y encuentros en los pa\u00edses restantes.<\/span><\/p>\n<p><span style=\"font-size: 11.5pt; font-family: Arial;\"><img loading=\"lazy\" class=\" size-full wp-image-224\" style=\"display: block; margin-left: auto; margin-right: auto;\" src=\"https:\/\/iesalhama.educacion.navarra.es\/web1\/wp-content\/uploads\/2014\/02\/pancanta_comenius.jpg\" alt=\"pancanta comenius\" width=\"700\" height=\"253\" srcset=\"https:\/\/iesalhama.educacion.navarra.es\/web1\/wp-content\/uploads\/2014\/02\/pancanta_comenius.jpg 700w, https:\/\/iesalhama.educacion.navarra.es\/web1\/wp-content\/uploads\/2014\/02\/pancanta_comenius-300x108.jpg 300w\" sizes=\"(max-width: 700px) 100vw, 700px\" \/><\/span><\/p>\n<p><span style=\"font-size: 11.5pt; font-family: Arial;\">&nbsp;<\/span><\/p>\n","protected":false},"excerpt":{"rendered":"<p>&nbsp;&nbsp;&nbsp;&nbsp;&nbsp;&nbsp;&nbsp;&nbsp;&nbsp; El IES Alhama va a estar participando durante los cursos 2013-14 y 2014-15 en un Proyecto Europeo Comenius denominado \u201cA GREENER WORLD\u201d(un mundo m\u00e1s verde). En el proyecto se trabajar\u00e1n temas relacionados con la ecolog\u00eda. &nbsp;El proyecto se lleva a cabo junto a institutos de: Italia, Portugal, Polonia, Francia, Turqu\u00eda y Eslovaquia, siendo el [&hellip;]<\/p>\n","protected":false},"author":1,"featured_media":224,"comment_status":"open","ping_status":"open","sticky":false,"template":"","format":"standard","meta":{"_genesis_hide_title":false,"_genesis_hide_breadcrumbs":false,"_genesis_hide_singular_image":false,"_genesis_hide_footer_widgets":false,"_genesis_custom_body_class":"","_genesis_custom_post_class":"","_genesis_layout":""},"categories":[1],"tags":[],"_links":{"self":[{"href":"https:\/\/iesalhama.educacion.navarra.es\/web1\/wp-json\/wp\/v2\/posts\/225"}],"collection":[{"href":"https:\/\/iesalhama.educacion.navarra.es\/web1\/wp-json\/wp\/v2\/posts"}],"about":[{"href":"https:\/\/iesalhama.educacion.navarra.es\/web1\/wp-json\/wp\/v2\/types\/post"}],"author":[{"embeddable":true,"href":"https:\/\/iesalhama.educacion.navarra.es\/web1\/wp-json\/wp\/v2\/users\/1"}],"replies":[{"embeddable":true,"href":"https:\/\/iesalhama.educacion.navarra.es\/web1\/wp-json\/wp\/v2\/comments?post=225"}],"version-history":[{"count":0,"href":"https:\/\/iesalhama.educacion.navarra.es\/web1\/wp-json\/wp\/v2\/posts\/225\/revisions"}],"wp:featuredmedia":[{"embeddable":true,"href":"https:\/\/iesalhama.educacion.navarra.es\/web1\/wp-json\/wp\/v2\/media\/224"}],"wp:attachment":[{"href":"https:\/\/iesalhama.educacion.navarra.es\/web1\/wp-json\/wp\/v2\/media?parent=225"}],"wp:term":[{"taxonomy":"category","embeddable":true,"href":"https:\/\/iesalhama.educacion.navarra.es\/web1\/wp-json\/wp\/v2\/categories?post=225"},{"taxonomy":"post_tag","embeddable":true,"href":"https:\/\/iesalhama.educacion.navarra.es\/web1\/wp-json\/wp\/v2\/tags?post=225"}],"curies":[{"name":"wp","href":"https:\/\/api.w.org\/{rel}","templated":true}]}}