{"id":229,"date":"2013-10-18T21:20:50","date_gmt":"2013-10-18T19:20:50","guid":{"rendered":"https:\/\/iesalhama.educacion.navarra.es\/web1\/blog\/2013\/10\/18\/salida-a-moncayo-y-veruela\/"},"modified":"2013-10-18T21:20:50","modified_gmt":"2013-10-18T19:20:50","slug":"salida-a-moncayo-y-veruela","status":"publish","type":"post","link":"https:\/\/iesalhama.educacion.navarra.es\/web1\/salida-a-moncayo-y-veruela\/","title":{"rendered":"* Salida a Moncayo y Veruela"},"content":{"rendered":"\n<p style=\"text-align: left;\"><span style=\"color: #222222; font-family: arial, sans-serif; font-size: 12pt; line-height: normal; text-align: start;\">Los pr\u00f3ximos d\u00edas<span style=\"color: #993300;\"> 4 y 11<\/span> de noviembre, nuestros alumnos de<span style=\"color: #993300;\"> 2\u00ba de la ESO<\/span> har\u00e1n una salida para visitar el Centro de interpretaci\u00f3n del <span style=\"color: #993300;\">Moncayo<\/span> y el monasterio de <span style=\"color: #993300;\">Veruela<\/span>. El lunes 4, viajar\u00e1n 2\u00ba B,C y los alumnos de PT. El lunes 11, 2\u00ba A, Grupo AB y UCE. Esta salida tendr\u00e1 lugar desde las<span style=\"color: #993300;\"> 8:20<\/span> de la ma\u00f1ana hasta las <span style=\"color: #993300;\">17:30<\/span> de la tarde y ,con ella, los alumnos conocer\u00e1n y valorar\u00e1n la biodiversidad de los ecosistemas pr\u00f3ximos a la zona y tambi\u00e9n los elementos fundamentales del Arte Rom\u00e1nico y G\u00f3tico.&nbsp;<\/span><\/p>\n<p style=\"text-align: left;\"><span style=\"color: #222222; font-family: arial, sans-serif; font-size: 12pt; line-height: normal; text-align: start;\">Los profesores acompa\u00f1antes ser\u00e1n:<span style=\"color: #993300;\"> Beatriz Sainz<\/span> y<span style=\"color: #993300;\"> Alejo Falces<\/span> del departamento de Ciencias &nbsp;Naturales e <span style=\"color: #993300;\">Ignacio Ullate<\/span> del de Sociales<\/span><\/p>\n","protected":false},"excerpt":{"rendered":"<p>Los pr\u00f3ximos d\u00edas 4 y 11 de noviembre, nuestros alumnos de 2\u00ba de la ESO har\u00e1n una salida para visitar el Centro de interpretaci\u00f3n del Moncayo y el monasterio de Veruela. El lunes 4, viajar\u00e1n 2\u00ba B,C y los alumnos de PT. El lunes 11, 2\u00ba A, Grupo AB y UCE. Esta salida tendr\u00e1 lugar [&hellip;]<\/p>\n","protected":false},"author":1,"featured_media":0,"comment_status":"open","ping_status":"open","sticky":false,"template":"","format":"standard","meta":{"_genesis_hide_title":false,"_genesis_hide_breadcrumbs":false,"_genesis_hide_singular_image":false,"_genesis_hide_footer_widgets":false,"_genesis_custom_body_class":"","_genesis_custom_post_class":"","_genesis_layout":""},"categories":[1],"tags":[],"_links":{"self":[{"href":"https:\/\/iesalhama.educacion.navarra.es\/web1\/wp-json\/wp\/v2\/posts\/229"}],"collection":[{"href":"https:\/\/iesalhama.educacion.navarra.es\/web1\/wp-json\/wp\/v2\/posts"}],"about":[{"href":"https:\/\/iesalhama.educacion.navarra.es\/web1\/wp-json\/wp\/v2\/types\/post"}],"author":[{"embeddable":true,"href":"https:\/\/iesalhama.educacion.navarra.es\/web1\/wp-json\/wp\/v2\/users\/1"}],"replies":[{"embeddable":true,"href":"https:\/\/iesalhama.educacion.navarra.es\/web1\/wp-json\/wp\/v2\/comments?post=229"}],"version-history":[{"count":0,"href":"https:\/\/iesalhama.educacion.navarra.es\/web1\/wp-json\/wp\/v2\/posts\/229\/revisions"}],"wp:attachment":[{"href":"https:\/\/iesalhama.educacion.navarra.es\/web1\/wp-json\/wp\/v2\/media?parent=229"}],"wp:term":[{"taxonomy":"category","embeddable":true,"href":"https:\/\/iesalhama.educacion.navarra.es\/web1\/wp-json\/wp\/v2\/categories?post=229"},{"taxonomy":"post_tag","embeddable":true,"href":"https:\/\/iesalhama.educacion.navarra.es\/web1\/wp-json\/wp\/v2\/tags?post=229"}],"curies":[{"name":"wp","href":"https:\/\/api.w.org\/{rel}","templated":true}]}}