{"id":230,"date":"2013-10-26T21:01:28","date_gmt":"2013-10-26T19:01:28","guid":{"rendered":"https:\/\/iesalhama.educacion.navarra.es\/web1\/blog\/2013\/10\/26\/acceso-de-las-familias-a-educa\/"},"modified":"2013-10-26T21:01:28","modified_gmt":"2013-10-26T19:01:28","slug":"acceso-de-las-familias-a-educa","status":"publish","type":"post","link":"https:\/\/iesalhama.educacion.navarra.es\/web1\/acceso-de-las-familias-a-educa\/","title":{"rendered":"* Acceso de las familias a EDUCA"},"content":{"rendered":"\n<p style=\"text-align: left;\"><span style=\"font-size: 12pt;\">Las familias pueden acceder a EDUCA en:<span style=\"color: #0000ff;\"><a href=\"https:\/\/educa.navarra.es\/familias\/\" target=\"_blank\"><span style=\"color: #0000ff;\">&nbsp;<\/span><\/a><\/span><strong><span style=\"color: #0000ff;\"><a href=\"https:\/\/educa.navarra.es\/familias\/\"><span style=\"color: #0000ff;\">https:\/\/educa.navarra.es\/familias\/<\/span><\/a><\/span><br \/><\/strong><\/span><\/p>\n<p style=\"text-align: left;\"><span style=\"font-size: 12pt;\">Esta informaci\u00f3n se encuentra tambi\u00e9n en el apartado: <strong><span style=\"color: #800000;\">Familias<\/span><\/strong> del men\u00fa principal de la p\u00e1gina web.<\/span><\/p>\n","protected":false},"excerpt":{"rendered":"<p>Las familias pueden acceder a EDUCA en:&nbsp;https:\/\/educa.navarra.es\/familias\/ Esta informaci\u00f3n se encuentra tambi\u00e9n en el apartado: Familias del men\u00fa principal de la p\u00e1gina web.<\/p>\n","protected":false},"author":1,"featured_media":0,"comment_status":"open","ping_status":"open","sticky":false,"template":"","format":"standard","meta":{"_genesis_hide_title":false,"_genesis_hide_breadcrumbs":false,"_genesis_hide_singular_image":false,"_genesis_hide_footer_widgets":false,"_genesis_custom_body_class":"","_genesis_custom_post_class":"","_genesis_layout":""},"categories":[1],"tags":[],"_links":{"self":[{"href":"https:\/\/iesalhama.educacion.navarra.es\/web1\/wp-json\/wp\/v2\/posts\/230"}],"collection":[{"href":"https:\/\/iesalhama.educacion.navarra.es\/web1\/wp-json\/wp\/v2\/posts"}],"about":[{"href":"https:\/\/iesalhama.educacion.navarra.es\/web1\/wp-json\/wp\/v2\/types\/post"}],"author":[{"embeddable":true,"href":"https:\/\/iesalhama.educacion.navarra.es\/web1\/wp-json\/wp\/v2\/users\/1"}],"replies":[{"embeddable":true,"href":"https:\/\/iesalhama.educacion.navarra.es\/web1\/wp-json\/wp\/v2\/comments?post=230"}],"version-history":[{"count":0,"href":"https:\/\/iesalhama.educacion.navarra.es\/web1\/wp-json\/wp\/v2\/posts\/230\/revisions"}],"wp:attachment":[{"href":"https:\/\/iesalhama.educacion.navarra.es\/web1\/wp-json\/wp\/v2\/media?parent=230"}],"wp:term":[{"taxonomy":"category","embeddable":true,"href":"https:\/\/iesalhama.educacion.navarra.es\/web1\/wp-json\/wp\/v2\/categories?post=230"},{"taxonomy":"post_tag","embeddable":true,"href":"https:\/\/iesalhama.educacion.navarra.es\/web1\/wp-json\/wp\/v2\/tags?post=230"}],"curies":[{"name":"wp","href":"https:\/\/api.w.org\/{rel}","templated":true}]}}