{"id":240,"date":"2013-11-14T22:04:46","date_gmt":"2013-11-14T21:04:46","guid":{"rendered":"https:\/\/iesalhama.educacion.navarra.es\/web1\/blog\/2013\/11\/14\/cronica-de-un-viaje-a-turquia\/"},"modified":"2013-11-14T22:04:46","modified_gmt":"2013-11-14T21:04:46","slug":"cronica-de-un-viaje-a-turquia","status":"publish","type":"post","link":"https:\/\/iesalhama.educacion.navarra.es\/web1\/cronica-de-un-viaje-a-turquia\/","title":{"rendered":"* Cr\u00f3nica de un viaje a Turqu\u00eda"},"content":{"rendered":"\n<p style=\"text-align: left;\"><span style=\"font-size: 12pt;\">&nbsp;<\/span><\/p>\n<p style=\"text-align: left;\"><span style=\"font-size: 12pt;\">La semana pasada dos alumnas (<strong><span style=\"color: #800000;\">Mar\u00eda del Barrio e Itziar Loza<\/span><\/strong>) y dos profesores (<strong><span style=\"color: #800000;\">To\u00f1o Pe\u00f1a y M\u00aa Jos\u00e9 Castrillo<\/span><\/strong>) del IES Alhama viajaron a Turqu\u00eda para celebrar un encuentro con el resto de participantes del Proyecto Comenius en el que el IES Alhama est\u00e1 participando.<\/span><\/p>\n<p style=\"text-align: left;\"><span style=\"font-size: 12pt;\">Puedes ver las fotos del viaje en el apartado: Galer\u00eda de fotos de la web.<\/span><\/p>\n<p style=\"text-align: left;\"><span style=\"font-size: 12pt;\"> Y encontrar\u00e1s m\u00e1s informaci\u00f3n del viaje en <a href=\"https:\/\/iesalhama.educacion.navarra.es\/web1\/wp-content\/uploads\/2013\/11\/RESUMEN%20VIAJE%20TURQUIA.pdf\" target=\"_blank\"><strong><span style=\"color: #0000ff;\">este enlace.<\/span><\/strong><\/a><\/span><\/p>\n","protected":false},"excerpt":{"rendered":"<p>&nbsp; La semana pasada dos alumnas (Mar\u00eda del Barrio e Itziar Loza) y dos profesores (To\u00f1o Pe\u00f1a y M\u00aa Jos\u00e9 Castrillo) del IES Alhama viajaron a Turqu\u00eda para celebrar un encuentro con el resto de participantes del Proyecto Comenius en el que el IES Alhama est\u00e1 participando. Puedes ver las fotos del viaje en el [&hellip;]<\/p>\n","protected":false},"author":1,"featured_media":0,"comment_status":"open","ping_status":"open","sticky":false,"template":"","format":"standard","meta":{"_genesis_hide_title":false,"_genesis_hide_breadcrumbs":false,"_genesis_hide_singular_image":false,"_genesis_hide_footer_widgets":false,"_genesis_custom_body_class":"","_genesis_custom_post_class":"","_genesis_layout":""},"categories":[1],"tags":[],"_links":{"self":[{"href":"https:\/\/iesalhama.educacion.navarra.es\/web1\/wp-json\/wp\/v2\/posts\/240"}],"collection":[{"href":"https:\/\/iesalhama.educacion.navarra.es\/web1\/wp-json\/wp\/v2\/posts"}],"about":[{"href":"https:\/\/iesalhama.educacion.navarra.es\/web1\/wp-json\/wp\/v2\/types\/post"}],"author":[{"embeddable":true,"href":"https:\/\/iesalhama.educacion.navarra.es\/web1\/wp-json\/wp\/v2\/users\/1"}],"replies":[{"embeddable":true,"href":"https:\/\/iesalhama.educacion.navarra.es\/web1\/wp-json\/wp\/v2\/comments?post=240"}],"version-history":[{"count":0,"href":"https:\/\/iesalhama.educacion.navarra.es\/web1\/wp-json\/wp\/v2\/posts\/240\/revisions"}],"wp:attachment":[{"href":"https:\/\/iesalhama.educacion.navarra.es\/web1\/wp-json\/wp\/v2\/media?parent=240"}],"wp:term":[{"taxonomy":"category","embeddable":true,"href":"https:\/\/iesalhama.educacion.navarra.es\/web1\/wp-json\/wp\/v2\/categories?post=240"},{"taxonomy":"post_tag","embeddable":true,"href":"https:\/\/iesalhama.educacion.navarra.es\/web1\/wp-json\/wp\/v2\/tags?post=240"}],"curies":[{"name":"wp","href":"https:\/\/api.w.org\/{rel}","templated":true}]}}