{"id":241,"date":"2013-11-20T10:14:40","date_gmt":"2013-11-20T09:14:40","guid":{"rendered":"https:\/\/iesalhama.educacion.navarra.es\/web1\/blog\/2013\/11\/20\/dia-internacional-contra-la-violencia-de-genero\/"},"modified":"2013-11-20T10:14:40","modified_gmt":"2013-11-20T09:14:40","slug":"dia-internacional-contra-la-violencia-de-genero","status":"publish","type":"post","link":"https:\/\/iesalhama.educacion.navarra.es\/web1\/dia-internacional-contra-la-violencia-de-genero\/","title":{"rendered":"* D\u00eda internacional contra la violencia de g\u00e9nero"},"content":{"rendered":"\n<p><span style=\"font-size: 12pt; font-family: Arial; color: #222222;\">&nbsp;<\/span><\/p>\n<p><span style=\"font-size: 12pt; font-family: Arial; color: #222222;\">El d\u00eda 25 de noviembre se celebra el <span style=\"color: #800000;\"><strong>D\u00cdA INTERNACIONAL CONTRA LA VIOLENCIA DE G\u00c9NERO<\/strong> <\/span>y por esta raz\u00f3n y para que sirva de motivo para la reflexi\u00f3n a los chicos y chicas de nuestro instituto, se trabajar\u00e1 en las tutor\u00edas sobre temas como: Corresponsabilidad, Respeto, Mitos y falsas creencias sobre la violencia dom\u00e9stica, Gu\u00eda de los Buenos Amores, Hombres contra la violencia&#8230;<\/span><\/p>\n<p style=\"margin-bottom: 12pt;\"><span style=\"font-size: 12pt; font-family: Arial; color: #222222;\">El objetivo es sensibilizar al alumnado acerca&nbsp;de la Violencia de G\u00e9nero y estimular actitudes de rechazo ante la misma.<\/span><\/p>\n<p><span style=\"font-size: 10pt; font-family: Arial; color: #222222;\"><span style=\"font-size: 12pt;\">Por otra parte y en colaboraci\u00f3n con la Asociaci\u00f3n <strong><span style=\"color: #800000;\">LA RIBERA EN FEMENINO<\/span><\/strong>, se ha construido un<\/span> <span style=\"font-size: 12pt;\">lazo que representa la lucha contra la violencia de g\u00e9nero. Los alumnos y alumnas durante los recreos participan en su elaboraci\u00f3n y a partir del d\u00eda 25 y bajo el lema \u00abQue no se apaguen m\u00e1s vidas\u00bb, estar\u00e1 presente en un lugar del instituto y se iluminar\u00e1 cada vez que haya un nuevo caso de violencia contra la mujer con resultado de muerte. El lazo, s\u00edmbolo de nuestra lucha, se iluminar\u00e1 mediante la energ\u00eda que producir\u00e1 una bicicleta en la que todos aquellos y aquellas que quieran podr\u00e1n pedalear.&nbsp;<\/span><\/span><\/p>\n<p><span style=\"font-size: 10pt; font-family: Arial; color: #222222;\"><span style=\"font-size: 12pt;\">&nbsp;<\/span><\/span><\/p>\n<p><span style=\"font-size: 16px; color: #222222; font-family: Arial; line-height: 1.5;\">&nbsp; &nbsp; &nbsp; &nbsp; &nbsp; &nbsp; &nbsp; &nbsp; &nbsp; &nbsp;&nbsp;<\/span><span style=\"color: #222222; font-family: Arial; font-size: 14pt;\">&nbsp; <span style=\"color: #800000;\"><strong>&nbsp; &nbsp; \u00a1Pedalea contra la violencia! &nbsp; &nbsp;\u00a1Que no se apaguen m\u00e1s vidas!<\/strong><\/span><\/span><\/p>\n<p><span style=\"font-size: 12pt; color: #222222; font-family: Arial; line-height: 1.5;\"><span style=\"font-size: 14pt;\"><span style=\"color: #800000;\">&nbsp;<\/span><\/span><\/span><\/p>\n","protected":false},"excerpt":{"rendered":"<p>&nbsp; El d\u00eda 25 de noviembre se celebra el D\u00cdA INTERNACIONAL CONTRA LA VIOLENCIA DE G\u00c9NERO y por esta raz\u00f3n y para que sirva de motivo para la reflexi\u00f3n a los chicos y chicas de nuestro instituto, se trabajar\u00e1 en las tutor\u00edas sobre temas como: Corresponsabilidad, Respeto, Mitos y falsas creencias sobre la violencia dom\u00e9stica, [&hellip;]<\/p>\n","protected":false},"author":1,"featured_media":0,"comment_status":"open","ping_status":"open","sticky":false,"template":"","format":"standard","meta":{"_genesis_hide_title":false,"_genesis_hide_breadcrumbs":false,"_genesis_hide_singular_image":false,"_genesis_hide_footer_widgets":false,"_genesis_custom_body_class":"","_genesis_custom_post_class":"","_genesis_layout":""},"categories":[1],"tags":[],"_links":{"self":[{"href":"https:\/\/iesalhama.educacion.navarra.es\/web1\/wp-json\/wp\/v2\/posts\/241"}],"collection":[{"href":"https:\/\/iesalhama.educacion.navarra.es\/web1\/wp-json\/wp\/v2\/posts"}],"about":[{"href":"https:\/\/iesalhama.educacion.navarra.es\/web1\/wp-json\/wp\/v2\/types\/post"}],"author":[{"embeddable":true,"href":"https:\/\/iesalhama.educacion.navarra.es\/web1\/wp-json\/wp\/v2\/users\/1"}],"replies":[{"embeddable":true,"href":"https:\/\/iesalhama.educacion.navarra.es\/web1\/wp-json\/wp\/v2\/comments?post=241"}],"version-history":[{"count":0,"href":"https:\/\/iesalhama.educacion.navarra.es\/web1\/wp-json\/wp\/v2\/posts\/241\/revisions"}],"wp:attachment":[{"href":"https:\/\/iesalhama.educacion.navarra.es\/web1\/wp-json\/wp\/v2\/media?parent=241"}],"wp:term":[{"taxonomy":"category","embeddable":true,"href":"https:\/\/iesalhama.educacion.navarra.es\/web1\/wp-json\/wp\/v2\/categories?post=241"},{"taxonomy":"post_tag","embeddable":true,"href":"https:\/\/iesalhama.educacion.navarra.es\/web1\/wp-json\/wp\/v2\/tags?post=241"}],"curies":[{"name":"wp","href":"https:\/\/api.w.org\/{rel}","templated":true}]}}