{"id":245,"date":"2013-11-21T07:15:48","date_gmt":"2013-11-21T06:15:48","guid":{"rendered":"https:\/\/iesalhama.educacion.navarra.es\/web1\/blog\/2013\/11\/21\/pedaleando-contra-la-violencia-de-genero\/"},"modified":"2013-11-21T07:15:48","modified_gmt":"2013-11-21T06:15:48","slug":"pedaleando-contra-la-violencia-de-genero","status":"publish","type":"post","link":"https:\/\/iesalhama.educacion.navarra.es\/web1\/pedaleando-contra-la-violencia-de-genero\/","title":{"rendered":"* Pedaleando contra la violencia de g\u00e9nero"},"content":{"rendered":"\n<p><span style=\"font-size: 12pt;\"><strong><span style=\"color: #800000;\">&nbsp;<\/span><\/strong><\/span><\/p>\n<p><span style=\"font-size: 12pt;\"><strong><span style=\"color: #800000;\">\u00abPedaleando contra la violencia de g\u00e9nero. Que no se apaguen m\u00e1s vidas\u00bb<\/span><\/strong> es un proyecto que la asociaci\u00f3n <strong><span style=\"color: #800000;\">\u00abRibera en femenino\u00bb<\/span><\/strong> est\u00e1 desarrollando con distintos centros educativos y que ser\u00e1 expuesto el domingo 24 de noviembre, v\u00edspera del D\u00eda Internacional de la Eliminaci\u00f3n de la Violencia contra las Mujeres, en los Paseos de Cintru\u00e9nigo.<\/span><\/p>\n<div style=\"text-align: center;\"><span style=\"font-size: 12pt;\"><img loading=\"lazy\" class=\" size-full wp-image-244\" src=\"https:\/\/iesalhama.educacion.navarra.es\/web1\/wp-content\/uploads\/2013\/11\/cartel_pedalea.jpg\" alt=\"cartel pedalea\" width=\"200\" height=\"283\" \/>&nbsp;<\/span><\/div>\n<div><span style=\"font-size: 12pt;\">Contamos con tu presencia y te animamos a transmitir esta invitaci\u00f3n a quien consideres oportuno.<\/span><\/div>\n<div><span style=\"font-size: 12pt;\">&nbsp;<\/span><\/div>\n<div><span style=\"font-size: 12pt;\">Este d\u00eda y a la hora se\u00f1alada (18:00) se expondr\u00e1 el lazo que se ha construido entre todos vosotros y se encender\u00e1 con la energ\u00eda generada con el pedaleo de una bicicleta.<\/span><\/div>\n<div><span style=\"font-size: 12pt;\">&nbsp;<\/span><\/div>\n<div><span style=\"font-size: 12pt;\"><span style=\"font-family: arial, sans-serif;\">&nbsp;Tambi\u00e9n te invitamos a participar<\/span><span style=\"color: #500050; font-family: arial, sans-serif;\">&nbsp;en la <strong><span style=\"color: #800000;\">charla-coloquio<\/span><\/strong> que el <strong><span style=\"color: #800000;\">EAIV (Equipo de Atenci\u00f3n<\/span><\/strong><\/span><\/span> <\/p>\n<div style=\"font-family: arial, sans-serif; font-size: 13px;\"><span style=\"font-size: 12pt;\"><strong><span style=\"color: #800000;\">Integral a la Violencia)<\/span><\/strong> ofrecer\u00e1 en Corella el jueves 28 de noviembre.<\/span><\/div>\n<\/p><\/div>\n","protected":false},"excerpt":{"rendered":"<p>&nbsp; \u00abPedaleando contra la violencia de g\u00e9nero. Que no se apaguen m\u00e1s vidas\u00bb es un proyecto que la asociaci\u00f3n \u00abRibera en femenino\u00bb est\u00e1 desarrollando con distintos centros educativos y que ser\u00e1 expuesto el domingo 24 de noviembre, v\u00edspera del D\u00eda Internacional de la Eliminaci\u00f3n de la Violencia contra las Mujeres, en los Paseos de Cintru\u00e9nigo. [&hellip;]<\/p>\n","protected":false},"author":1,"featured_media":244,"comment_status":"open","ping_status":"open","sticky":false,"template":"","format":"standard","meta":{"_genesis_hide_title":false,"_genesis_hide_breadcrumbs":false,"_genesis_hide_singular_image":false,"_genesis_hide_footer_widgets":false,"_genesis_custom_body_class":"","_genesis_custom_post_class":"","_genesis_layout":""},"categories":[1],"tags":[],"_links":{"self":[{"href":"https:\/\/iesalhama.educacion.navarra.es\/web1\/wp-json\/wp\/v2\/posts\/245"}],"collection":[{"href":"https:\/\/iesalhama.educacion.navarra.es\/web1\/wp-json\/wp\/v2\/posts"}],"about":[{"href":"https:\/\/iesalhama.educacion.navarra.es\/web1\/wp-json\/wp\/v2\/types\/post"}],"author":[{"embeddable":true,"href":"https:\/\/iesalhama.educacion.navarra.es\/web1\/wp-json\/wp\/v2\/users\/1"}],"replies":[{"embeddable":true,"href":"https:\/\/iesalhama.educacion.navarra.es\/web1\/wp-json\/wp\/v2\/comments?post=245"}],"version-history":[{"count":0,"href":"https:\/\/iesalhama.educacion.navarra.es\/web1\/wp-json\/wp\/v2\/posts\/245\/revisions"}],"wp:featuredmedia":[{"embeddable":true,"href":"https:\/\/iesalhama.educacion.navarra.es\/web1\/wp-json\/wp\/v2\/media\/244"}],"wp:attachment":[{"href":"https:\/\/iesalhama.educacion.navarra.es\/web1\/wp-json\/wp\/v2\/media?parent=245"}],"wp:term":[{"taxonomy":"category","embeddable":true,"href":"https:\/\/iesalhama.educacion.navarra.es\/web1\/wp-json\/wp\/v2\/categories?post=245"},{"taxonomy":"post_tag","embeddable":true,"href":"https:\/\/iesalhama.educacion.navarra.es\/web1\/wp-json\/wp\/v2\/tags?post=245"}],"curies":[{"name":"wp","href":"https:\/\/api.w.org\/{rel}","templated":true}]}}