{"id":252,"date":"2013-12-12T11:07:59","date_gmt":"2013-12-12T10:07:59","guid":{"rendered":"https:\/\/iesalhama.educacion.navarra.es\/web1\/blog\/2013\/12\/12\/el-ies-alhama-es-reconocido-como-centro-excelente\/"},"modified":"2013-12-12T11:07:59","modified_gmt":"2013-12-12T10:07:59","slug":"el-ies-alhama-es-reconocido-como-centro-excelente","status":"publish","type":"post","link":"https:\/\/iesalhama.educacion.navarra.es\/web1\/el-ies-alhama-es-reconocido-como-centro-excelente\/","title":{"rendered":"* El IES Alhama es reconocido como Centro Excelente"},"content":{"rendered":"\n<p style=\"margin-top: 0px; margin-bottom: 1em; color: #333333; font-family: Arial, Helvetica, sans-serif; font-size: 13px; line-height: 16px; text-align: left;\"><span style=\"font-size: 12pt;\">&nbsp;<\/span><span style=\"font-size: 10pt; font-family: verdana, geneva;\">El instituto Alhama de Corella, junto con otros dos centros de Navarra, ha sido reconocido con el sello de centro excelente, la m\u00e1xima distinci\u00f3n que concede el Departamento de Educaci\u00f3n en el \u00e1mbito de la calidad en la gesti\u00f3n de centros educativos.<\/span><\/p>\n<p style=\"margin-top: 0px; margin-bottom: 1em; color: #333333; font-family: Arial, Helvetica, sans-serif; font-size: 13px; line-height: 16px; text-align: left;\"><span style=\"font-size: 10pt; font-family: verdana, geneva;\">Las certificaciones han sido entregadas por el consejero de Educaci\u00f3n, Jos\u00e9 Iribas, en el marco de un acto celebrado el pasado mi\u00e9rcoles 11 de diciembre en el Sal\u00f3n del Trono del Palacio de Navarra con el fin de reconocer el compromiso que los colegios e institutos p\u00fablicos de la Comunidad Foral adquieren voluntariamente con la calidad y la mejora continua.<\/span><\/p>\n<p style=\"margin-top: 0px; margin-bottom: 1em; color: #333333; font-family: Arial, Helvetica, sans-serif; font-size: 13px; line-height: 16px; text-align: left;\"><span style=\"font-size: 12pt;\">&nbsp;<\/span><\/p>\n<p style=\"margin-top: 0px; margin-bottom: 1em; color: #333333; font-family: Arial, Helvetica, sans-serif; font-size: 13px; line-height: 16px; text-align: center;\"><img loading=\"lazy\" class=\" size-full wp-image-251\" src=\"https:\/\/iesalhama.educacion.navarra.es\/web1\/wp-content\/uploads\/2013\/12\/premio_excelencia.jpg\" alt=\"premio excelencia\" width=\"600\" height=\"400\" srcset=\"https:\/\/iesalhama.educacion.navarra.es\/web1\/wp-content\/uploads\/2013\/12\/premio_excelencia.jpg 600w, https:\/\/iesalhama.educacion.navarra.es\/web1\/wp-content\/uploads\/2013\/12\/premio_excelencia-300x200.jpg 300w\" sizes=\"(max-width: 600px) 100vw, 600px\" \/><\/p>\n<p style=\"margin-top: 0px; margin-bottom: 1em; color: #333333; font-family: Arial, Helvetica, sans-serif; font-size: 13px; line-height: 16px; text-align: left;\"><span style=\"font-size: 12pt;\">&nbsp;<\/span><\/p>\n<p style=\"margin-top: 0px; margin-bottom: 1em; color: #333333; font-family: Arial, Helvetica, sans-serif; font-size: 13px; line-height: 16px; text-align: left;\"><span style=\"font-size: 12pt; font-family: verdana, geneva;\"><span style=\"font-size: 10pt;\">Se puede encontrar m\u00e1s informaci\u00f3n en<\/span> <a href=\"http:\/\/www.navarra.es\/home_es\/Actualidad\/Sala+de+prensa\/Noticias\/2013\/12\/11\/consejero+educacion+jose+iribas+entrega+certificaciones+centro+excelente+centro+de+calidad+y+carta+d.htm\" target=\"_blank\"><strong><span style=\"color: #0000ff;\">este enlace<\/span><\/strong><\/a>.<\/span><span style=\"color: #0000ff;\"><a href=\"http:\/\/www.navarra.es\/home_es\/Actualidad\/Sala+de+prensa\/Noticias\/2013\/12\/11\/consejero+educacion+jose+iribas+entrega+certificaciones+centro+excelente+centro+de+calidad+y+carta+d.htm\" target=\"_blank\"><span style=\"color: #0000ff;\"><strong><br \/><\/strong><\/span><\/a><\/span><\/p>\n<p style=\"margin-top: 0px; margin-bottom: 1em; color: #333333; font-family: Arial, Helvetica, sans-serif; font-size: 13px; line-height: 16px; text-align: left;\">&nbsp;<\/p>\n","protected":false},"excerpt":{"rendered":"<p>&nbsp;El instituto Alhama de Corella, junto con otros dos centros de Navarra, ha sido reconocido con el sello de centro excelente, la m\u00e1xima distinci\u00f3n que concede el Departamento de Educaci\u00f3n en el \u00e1mbito de la calidad en la gesti\u00f3n de centros educativos. Las certificaciones han sido entregadas por el consejero de Educaci\u00f3n, Jos\u00e9 Iribas, en [&hellip;]<\/p>\n","protected":false},"author":1,"featured_media":251,"comment_status":"open","ping_status":"open","sticky":false,"template":"","format":"standard","meta":{"_genesis_hide_title":false,"_genesis_hide_breadcrumbs":false,"_genesis_hide_singular_image":false,"_genesis_hide_footer_widgets":false,"_genesis_custom_body_class":"","_genesis_custom_post_class":"","_genesis_layout":""},"categories":[1],"tags":[],"_links":{"self":[{"href":"https:\/\/iesalhama.educacion.navarra.es\/web1\/wp-json\/wp\/v2\/posts\/252"}],"collection":[{"href":"https:\/\/iesalhama.educacion.navarra.es\/web1\/wp-json\/wp\/v2\/posts"}],"about":[{"href":"https:\/\/iesalhama.educacion.navarra.es\/web1\/wp-json\/wp\/v2\/types\/post"}],"author":[{"embeddable":true,"href":"https:\/\/iesalhama.educacion.navarra.es\/web1\/wp-json\/wp\/v2\/users\/1"}],"replies":[{"embeddable":true,"href":"https:\/\/iesalhama.educacion.navarra.es\/web1\/wp-json\/wp\/v2\/comments?post=252"}],"version-history":[{"count":0,"href":"https:\/\/iesalhama.educacion.navarra.es\/web1\/wp-json\/wp\/v2\/posts\/252\/revisions"}],"wp:featuredmedia":[{"embeddable":true,"href":"https:\/\/iesalhama.educacion.navarra.es\/web1\/wp-json\/wp\/v2\/media\/251"}],"wp:attachment":[{"href":"https:\/\/iesalhama.educacion.navarra.es\/web1\/wp-json\/wp\/v2\/media?parent=252"}],"wp:term":[{"taxonomy":"category","embeddable":true,"href":"https:\/\/iesalhama.educacion.navarra.es\/web1\/wp-json\/wp\/v2\/categories?post=252"},{"taxonomy":"post_tag","embeddable":true,"href":"https:\/\/iesalhama.educacion.navarra.es\/web1\/wp-json\/wp\/v2\/tags?post=252"}],"curies":[{"name":"wp","href":"https:\/\/api.w.org\/{rel}","templated":true}]}}