{"id":254,"date":"2013-12-19T19:00:37","date_gmt":"2013-12-19T18:00:37","guid":{"rendered":"https:\/\/iesalhama.educacion.navarra.es\/web1\/blog\/2013\/12\/19\/viaje-a-pamplona-de-1-de-eso\/"},"modified":"2013-12-19T19:00:37","modified_gmt":"2013-12-19T18:00:37","slug":"viaje-a-pamplona-de-1-de-eso","status":"publish","type":"post","link":"https:\/\/iesalhama.educacion.navarra.es\/web1\/viaje-a-pamplona-de-1-de-eso\/","title":{"rendered":"* Viaje a Pamplona de 1\u00ba de ESO"},"content":{"rendered":"\n<p style=\"text-align: justify;\"><span style=\"font-size: 12pt; line-height: 115%; font-family: Verdana;\">&nbsp;<\/span><\/p>\n<p style=\"text-align: justify;\"><span style=\"font-size: 12pt; line-height: 115%; font-family: Verdana;\">El pasado mi\u00e9rcoles 11 de diciembre el alumnado de 1\u00ba de ESO viaj\u00f3 a Pamplona&nbsp;<span style=\"font-family: Verdana; font-size: 15.555556297302246px; line-height: 17.77777862548828px; text-align: justify;\">para visitar el Museo de Navarra y&nbsp;<\/span>ver, en el Baluarte, la obra de teatro: La isla del Tesoro.<\/span><\/p>\n<p style=\"text-align: justify;\">&nbsp;<\/p>\n<p style=\"text-align: center;\"><img loading=\"lazy\" class=\" size-full wp-image-253\" src=\"https:\/\/iesalhama.educacion.navarra.es\/web1\/wp-content\/uploads\/2013\/12\/salida_Pamplona2.jpg\" alt=\"salida Pamplona2\" width=\"600\" height=\"450\" srcset=\"https:\/\/iesalhama.educacion.navarra.es\/web1\/wp-content\/uploads\/2013\/12\/salida_Pamplona2.jpg 600w, https:\/\/iesalhama.educacion.navarra.es\/web1\/wp-content\/uploads\/2013\/12\/salida_Pamplona2-300x225.jpg 300w\" sizes=\"(max-width: 600px) 100vw, 600px\" \/><\/p>\n<p style=\"text-align: justify;\"><span style=\"font-size: 12pt; line-height: 115%; font-family: Verdana;\">&nbsp;<\/span><\/p>\n<p style=\"text-align: justify;\"><span style=\"font-size: 12pt; line-height: 115%; font-family: Verdana;\">Aqu\u00ed os dejamos las opiniones de dos alumnas que participaron en la visita:<\/span><\/p>\n<p style=\"text-align: justify;\">&nbsp;<\/p>\n<p style=\"text-align: justify;\"><span style=\"font-size: 12pt; color: #800000;\"><strong><span style=\"text-decoration: underline;\"><span style=\"line-height: 115%; font-family: Verdana;\">ARTE Y TEATRO EN LA EXCURSI\u00d3N DE 1\u00ba<\/span><\/span><\/strong><\/span><\/p>\n<p style=\"text-align: justify;\"><span style=\"font-size: 12pt; color: #800000;\"><strong><span style=\"text-decoration: underline;\"><span style=\"line-height: 115%; font-family: Verdana;\">&nbsp;<\/span><\/span><\/strong><\/span><\/p>\n<p style=\"text-align: justify;\"><span style=\"font-size: 12pt; line-height: 115%; font-family: Verdana;\">El d\u00eda 11 de Diciembre de 2013 los alumnos de primero de Secundaria, visitamos en una sola ma\u00f1ana dos sitios en la capital Navarra, Pamplona.&nbsp; Primero fuimos al Museo de Navarra, que estuvo muy interesante, y ya para acabar la excursi\u00f3n, fuimos al Baluarte a ver una representaci\u00f3n de la Isla del Tesoro, que fue muy divertida y nos los pasamos estupendamente. <\/span><\/p>\n<p style=\"text-align: justify;\"><span style=\"font-size: 12pt; line-height: 115%; font-family: Verdana;\">Para m\u00ed la excursi\u00f3n fue muy divertida e interesante a la vez porque en el Museo de Navarra los ancianos nos atendieron muy bien con sus conocimientos sobre el arte, y luego en la representaci\u00f3n, te re\u00edas mucho y se parec\u00eda bastante al libro de su original autor.<\/span><\/p>\n<p style=\"text-align: justify;\"><span style=\"font-size: 12pt;\"><strong><span style=\"line-height: 115%; font-family: Verdana; color: #800000;\">Rosa Garc\u00eda Galarreta, &nbsp;1\u00baA<\/span><\/strong><\/span><\/p>\n<p style=\"text-align: justify;\">&nbsp;<\/p>\n<p style=\"text-align: justify;\"><span style=\"font-size: 12pt; color: #800000;\"><strong><span style=\"text-decoration: underline;\"><span style=\"line-height: 115%; font-family: Verdana;\">ENTRE EL ARTE&nbsp; Y EL TEATRO<\/span><\/span><\/strong><\/span><\/p>\n<p style=\"text-align: justify;\"><span style=\"font-size: 12pt; color: #800000;\"><strong><span style=\"text-decoration: underline;\"><span style=\"line-height: 115%; font-family: Verdana;\">&nbsp;<\/span><\/span><\/strong><\/span><\/p>\n<p style=\"text-align: justify;\"><span style=\"font-size: 12pt; line-height: 115%; font-family: Verdana;\">El mi\u00e9rcoles 11 de diciembre fuimos de excursi\u00f3n a Pamplona los de 1\u00ba.<\/span><\/p>\n<p style=\"text-align: justify;\"><span style=\"font-size: 12pt; line-height: 115%; font-family: Verdana;\">Salimos de Corella a las 8:15 de la ma\u00f1ana y estuvimos 1 hora m\u00e1s o menos en el autob\u00fas. Cuando llegamos a Pamplona fuimos andando hasta el museo de Navarra. All\u00ed nos dividimos en grupos y unos voluntarios nos hicieron una visita guiada, ense\u00f1\u00e1ndonos las cosas m\u00e1s bonitas e importantes del museo.&nbsp; En el museo nos aburrimos un poco, pero aprendimos muchas cosas.<\/span><\/p>\n<p style=\"text-align: justify;\"><span style=\"font-size: 12pt; line-height: 115%; font-family: Verdana;\">Despu\u00e9s de ver el museo almorzamos y seguido nos fuimos andando al Baluarte. All\u00ed vimos una obra teatral \u201cLA ISLA DEL TESORO\u201d. Algunos ya nos hab\u00edamos le\u00eddo el libro y entendimos el teatro un poco mejor que los que no se lo hab\u00edan le\u00eddo. Despu\u00e9s del teatro, el autob\u00fas nos estaba esperando en la puerta. Volvimos a Corella y llegamos a las 2:30. A&nbsp; esa hora nos fuimos todos a nuestras casas. <\/span><\/p>\n<p style=\"text-align: justify;\"><span style=\"font-size: 12pt; line-height: 115%; font-family: Verdana;\">La excursi\u00f3n nos gust\u00f3 bastante y fue divertida, adem\u00e1s aprendimos cosas y nos entretuvimos viendo el teatro.<\/span><\/p>\n<p style=\"text-align: justify;\"><span style=\"font-size: 12pt; line-height: 115%; font-family: Verdana;\">&nbsp;<\/span><span style=\"font-size: 12pt;\"><strong><span style=\"line-height: 115%; font-family: Verdana; color: #800000;\">Carmen Gil Librada, 1\u00ba ESO A<\/span><\/strong><\/span><\/p>\n<p style=\"text-align: justify;\"><span style=\"font-size: 10pt; line-height: 115%; font-family: Verdana;\">&nbsp;<\/span><\/p>\n","protected":false},"excerpt":{"rendered":"<p>&nbsp; El pasado mi\u00e9rcoles 11 de diciembre el alumnado de 1\u00ba de ESO viaj\u00f3 a Pamplona&nbsp;para visitar el Museo de Navarra y&nbsp;ver, en el Baluarte, la obra de teatro: La isla del Tesoro. &nbsp; &nbsp; Aqu\u00ed os dejamos las opiniones de dos alumnas que participaron en la visita: &nbsp; ARTE Y TEATRO EN LA EXCURSI\u00d3N [&hellip;]<\/p>\n","protected":false},"author":1,"featured_media":253,"comment_status":"open","ping_status":"open","sticky":false,"template":"","format":"standard","meta":{"_genesis_hide_title":false,"_genesis_hide_breadcrumbs":false,"_genesis_hide_singular_image":false,"_genesis_hide_footer_widgets":false,"_genesis_custom_body_class":"","_genesis_custom_post_class":"","_genesis_layout":""},"categories":[1],"tags":[],"_links":{"self":[{"href":"https:\/\/iesalhama.educacion.navarra.es\/web1\/wp-json\/wp\/v2\/posts\/254"}],"collection":[{"href":"https:\/\/iesalhama.educacion.navarra.es\/web1\/wp-json\/wp\/v2\/posts"}],"about":[{"href":"https:\/\/iesalhama.educacion.navarra.es\/web1\/wp-json\/wp\/v2\/types\/post"}],"author":[{"embeddable":true,"href":"https:\/\/iesalhama.educacion.navarra.es\/web1\/wp-json\/wp\/v2\/users\/1"}],"replies":[{"embeddable":true,"href":"https:\/\/iesalhama.educacion.navarra.es\/web1\/wp-json\/wp\/v2\/comments?post=254"}],"version-history":[{"count":0,"href":"https:\/\/iesalhama.educacion.navarra.es\/web1\/wp-json\/wp\/v2\/posts\/254\/revisions"}],"wp:featuredmedia":[{"embeddable":true,"href":"https:\/\/iesalhama.educacion.navarra.es\/web1\/wp-json\/wp\/v2\/media\/253"}],"wp:attachment":[{"href":"https:\/\/iesalhama.educacion.navarra.es\/web1\/wp-json\/wp\/v2\/media?parent=254"}],"wp:term":[{"taxonomy":"category","embeddable":true,"href":"https:\/\/iesalhama.educacion.navarra.es\/web1\/wp-json\/wp\/v2\/categories?post=254"},{"taxonomy":"post_tag","embeddable":true,"href":"https:\/\/iesalhama.educacion.navarra.es\/web1\/wp-json\/wp\/v2\/tags?post=254"}],"curies":[{"name":"wp","href":"https:\/\/api.w.org\/{rel}","templated":true}]}}