{"id":257,"date":"2014-01-10T21:48:47","date_gmt":"2014-01-10T20:48:47","guid":{"rendered":"https:\/\/iesalhama.educacion.navarra.es\/web1\/blog\/2014\/01\/10\/grupo-de-mediacion\/"},"modified":"2014-01-10T21:48:47","modified_gmt":"2014-01-10T20:48:47","slug":"grupo-de-mediacion","status":"publish","type":"post","link":"https:\/\/iesalhama.educacion.navarra.es\/web1\/grupo-de-mediacion\/","title":{"rendered":"* Grupo de Mediaci\u00f3n"},"content":{"rendered":"\n<p style=\"text-indent: 35.4pt;\"><span style=\"font-size: 10pt; line-height: 115%;\">Hace ya algunos a\u00f1os que en el IES Alhama contamos con un grupo de personas: madres, alumn@s&nbsp; y profesor@s, formados en Mediaci\u00f3n. <\/span><\/p>\n<p style=\"text-indent: 35.4pt;\"><span style=\"font-size: 10pt; line-height: 115%;\">El equipo de mediadores interviene coordinando mediaciones entre las personas o grupos que tienen alg\u00fan conflicto. En el presente curso se han llevado a cabo ya varias&nbsp; mediaciones, la mayor parte de ellas con \u00e9xito, de forma que las personas implicadas han podido llegar a un acuerdo satisfactorio para todas las partes. <\/span><\/p>\n<p style=\"text-indent: 35.4pt;\"><span style=\"font-size: 10pt; line-height: 115%;\">Adem\u00e1s en el primer trimestre del presente a\u00f1o 2014, se va a proponer la realizaci\u00f3n de&nbsp; un curso de formaci\u00f3n en T\u00e9cnicas de resoluci\u00f3n de conflictos al alumnado de 2\u00ba, 3\u00ba y 4\u00ba de ESO con el fin de aumentar y consolidar el grupo de mediadores.<\/span><\/p>\n<p style=\"text-indent: 35.4pt;\"><span style=\"font-size: 10pt; line-height: 115%;\">Desde aqu\u00ed os animamos a todos los chicos y chicas de esos cursos a participar y a entrar a formar parte del grupo de mediadores de nuestro Instituto.<\/span><\/p>\n<p style=\"text-indent: 35.4pt;\"><span style=\"font-size: 10pt; line-height: 115%;\">&nbsp;<\/span><\/p>\n<p style=\"text-indent: 35.4pt;\"><span style=\"font-size: 10pt; line-height: 115%;\"><img loading=\"lazy\" class=\" size-full wp-image-256\" src=\"https:\/\/iesalhama.educacion.navarra.es\/web1\/wp-content\/uploads\/2014\/01\/mediadores13-14.jpg\" alt=\"mediadores13-14\" width=\"600\" height=\"412\" srcset=\"https:\/\/iesalhama.educacion.navarra.es\/web1\/wp-content\/uploads\/2014\/01\/mediadores13-14.jpg 600w, https:\/\/iesalhama.educacion.navarra.es\/web1\/wp-content\/uploads\/2014\/01\/mediadores13-14-300x206.jpg 300w\" sizes=\"(max-width: 600px) 100vw, 600px\" \/><\/span><\/p>\n","protected":false},"excerpt":{"rendered":"<p>Hace ya algunos a\u00f1os que en el IES Alhama contamos con un grupo de personas: madres, alumn@s&nbsp; y profesor@s, formados en Mediaci\u00f3n. El equipo de mediadores interviene coordinando mediaciones entre las personas o grupos que tienen alg\u00fan conflicto. En el presente curso se han llevado a cabo ya varias&nbsp; mediaciones, la mayor parte de ellas [&hellip;]<\/p>\n","protected":false},"author":1,"featured_media":256,"comment_status":"open","ping_status":"open","sticky":false,"template":"","format":"standard","meta":{"_genesis_hide_title":false,"_genesis_hide_breadcrumbs":false,"_genesis_hide_singular_image":false,"_genesis_hide_footer_widgets":false,"_genesis_custom_body_class":"","_genesis_custom_post_class":"","_genesis_layout":""},"categories":[1],"tags":[],"_links":{"self":[{"href":"https:\/\/iesalhama.educacion.navarra.es\/web1\/wp-json\/wp\/v2\/posts\/257"}],"collection":[{"href":"https:\/\/iesalhama.educacion.navarra.es\/web1\/wp-json\/wp\/v2\/posts"}],"about":[{"href":"https:\/\/iesalhama.educacion.navarra.es\/web1\/wp-json\/wp\/v2\/types\/post"}],"author":[{"embeddable":true,"href":"https:\/\/iesalhama.educacion.navarra.es\/web1\/wp-json\/wp\/v2\/users\/1"}],"replies":[{"embeddable":true,"href":"https:\/\/iesalhama.educacion.navarra.es\/web1\/wp-json\/wp\/v2\/comments?post=257"}],"version-history":[{"count":0,"href":"https:\/\/iesalhama.educacion.navarra.es\/web1\/wp-json\/wp\/v2\/posts\/257\/revisions"}],"wp:featuredmedia":[{"embeddable":true,"href":"https:\/\/iesalhama.educacion.navarra.es\/web1\/wp-json\/wp\/v2\/media\/256"}],"wp:attachment":[{"href":"https:\/\/iesalhama.educacion.navarra.es\/web1\/wp-json\/wp\/v2\/media?parent=257"}],"wp:term":[{"taxonomy":"category","embeddable":true,"href":"https:\/\/iesalhama.educacion.navarra.es\/web1\/wp-json\/wp\/v2\/categories?post=257"},{"taxonomy":"post_tag","embeddable":true,"href":"https:\/\/iesalhama.educacion.navarra.es\/web1\/wp-json\/wp\/v2\/tags?post=257"}],"curies":[{"name":"wp","href":"https:\/\/api.w.org\/{rel}","templated":true}]}}