{"id":27,"date":"2012-04-25T10:11:26","date_gmt":"2012-04-25T08:11:26","guid":{"rendered":"https:\/\/iesalhama.educacion.navarra.es\/web1\/blog\/2012\/04\/25\/comp-dep-sociales\/"},"modified":"2012-04-25T10:11:26","modified_gmt":"2012-04-25T08:11:26","slug":"comp-dep-sociales","status":"publish","type":"post","link":"https:\/\/iesalhama.educacion.navarra.es\/web1\/comp-dep-sociales\/","title":{"rendered":"Componentes Dep. Geograf\u00eda e Historia"},"content":{"rendered":"<p style=\"text-align: left; margin-left: 60px;\"><span style=\"font-size: 10pt; color: #993300;\">&nbsp;<\/span><\/p>\n<p style=\"text-align: left; margin-left: 60px;\"><span style=\"font-size: 10pt; color: #993300;\"><strong><strong style=\"font-size: 16px; color: #993300; line-height: 24px; text-align: left;\">Luis Navas C\u00e1mara<\/strong><\/strong><\/span><\/p>\n<p style=\"text-align: left; margin-left: 60px;\"><span style=\"font-size: 12pt;\"><span style=\"color: #993300;\"><strong>Javier Garc\u00eda Senosiain<br \/><\/strong><\/span><\/span><\/p>\n<p style=\"text-align: left; margin-left: 60px;\"><strong style=\"font-size: 16px; color: #993300; line-height: 1.5;\">M\u00aa Pilar S\u00e1nchez Barricarte<\/strong><\/p>\n<p style=\"text-align: left; margin-left: 60px;\"><strong style=\"font-size: 16px; color: #993300; line-height: 1.5;\">Jos\u00e9 \u00c1ngel Sebasti\u00e1n Bonel<\/strong><\/p>\n<p style=\"text-align: left; margin-left: 60px;\"><span style=\"font-size: 12pt;\"><span style=\"color: #993300;\"><strong><strong style=\"font-size: 16px; color: #993300; line-height: 24px; text-align: left;\">Ignacio Ullate Hern\u00e1ndez<\/strong><\/strong><\/span><\/span><\/p>\n<p style=\"text-align: left; margin-left: 60px;\"><span style=\"font-size: 12pt; color: #993300;\"><span style=\"color: #993300;\"><strong>M\u00aa C\u00e1rmen Mateo P\u00e9rez<\/strong><\/span><strong>*<\/strong><\/span><\/p>\n<p style=\"text-align: left; margin-left: 60px;\"><span style=\"font-size: 10pt;\">* Jefa de Departamento.<\/p>\n<p> <\/span> <span style=\"font-size: 10pt; font-family: arial,helvetica,sans-serif;\"> <strong>Direcci\u00f3n de correo electr\u00f3nico:<\/strong><br \/> <\/span><\/p>\n<p style=\"text-align: left; margin-left: 60px;\"><span style=\"font-size: 10pt; color: #0000ff; font-family: arial,helvetica,sans-serif;\"><a href=\"mailto:iesalhama.filosofia@educacion.navarra.es\">iesalhama.sociales@educacion.navarra.es<\/a> <\/span><\/p>\n","protected":false},"excerpt":{"rendered":"<p>&nbsp; Luis Navas C\u00e1mara Javier Garc\u00eda Senosiain M\u00aa Pilar S\u00e1nchez Barricarte Jos\u00e9 \u00c1ngel Sebasti\u00e1n Bonel Ignacio Ullate Hern\u00e1ndez M\u00aa C\u00e1rmen Mateo P\u00e9rez* * Jefa de Departamento. Direcci\u00f3n de correo electr\u00f3nico: iesalhama.sociales@educacion.navarra.es<\/p>\n","protected":false},"author":1,"featured_media":0,"comment_status":"open","ping_status":"open","sticky":false,"template":"","format":"standard","meta":{"_genesis_hide_title":false,"_genesis_hide_breadcrumbs":false,"_genesis_hide_singular_image":false,"_genesis_hide_footer_widgets":false,"_genesis_custom_body_class":"","_genesis_custom_post_class":"","_genesis_layout":""},"categories":[28],"tags":[],"_links":{"self":[{"href":"https:\/\/iesalhama.educacion.navarra.es\/web1\/wp-json\/wp\/v2\/posts\/27"}],"collection":[{"href":"https:\/\/iesalhama.educacion.navarra.es\/web1\/wp-json\/wp\/v2\/posts"}],"about":[{"href":"https:\/\/iesalhama.educacion.navarra.es\/web1\/wp-json\/wp\/v2\/types\/post"}],"author":[{"embeddable":true,"href":"https:\/\/iesalhama.educacion.navarra.es\/web1\/wp-json\/wp\/v2\/users\/1"}],"replies":[{"embeddable":true,"href":"https:\/\/iesalhama.educacion.navarra.es\/web1\/wp-json\/wp\/v2\/comments?post=27"}],"version-history":[{"count":0,"href":"https:\/\/iesalhama.educacion.navarra.es\/web1\/wp-json\/wp\/v2\/posts\/27\/revisions"}],"wp:attachment":[{"href":"https:\/\/iesalhama.educacion.navarra.es\/web1\/wp-json\/wp\/v2\/media?parent=27"}],"wp:term":[{"taxonomy":"category","embeddable":true,"href":"https:\/\/iesalhama.educacion.navarra.es\/web1\/wp-json\/wp\/v2\/categories?post=27"},{"taxonomy":"post_tag","embeddable":true,"href":"https:\/\/iesalhama.educacion.navarra.es\/web1\/wp-json\/wp\/v2\/tags?post=27"}],"curies":[{"name":"wp","href":"https:\/\/api.w.org\/{rel}","templated":true}]}}