{"id":273,"date":"2014-03-10T08:43:33","date_gmt":"2014-03-10T07:43:33","guid":{"rendered":"https:\/\/iesalhama.educacion.navarra.es\/web1\/blog\/2014\/03\/10\/coloniasinglesverano2014\/"},"modified":"2014-03-10T08:43:33","modified_gmt":"2014-03-10T07:43:33","slug":"coloniasinglesverano2014","status":"publish","type":"post","link":"https:\/\/iesalhama.educacion.navarra.es\/web1\/coloniasinglesverano2014\/","title":{"rendered":"* Colonias de verano (ingl\u00e9s) para 1\u00ba de ESO"},"content":{"rendered":"\n<p style=\"text-align: center;\" align=\"center\">&nbsp;<\/p>\n<p style=\"text-align: center;\" align=\"center\"><span style=\"font-size: 18pt;\">CONVOCATORIA DE AYUDAS <span style=\"text-decoration: underline;\">MINISTERIO DE EDUCACI\u00d3N, CULTURA Y DEPORTE<\/span><\/span><\/p>\n<p style=\"text-align: center;\" align=\"center\"><span style=\"font-size: 18pt;\"> <span style=\"color: #3366ff;\">COLONIAS DE VERANO EN INGL\u00c9S<\/span> <\/span><\/p>\n<p style=\"text-align: center;\" align=\"center\"><span style=\"font-size: 18pt;\">DE 2 SEMANAS DE DURACI\u00d3N<\/span><\/p>\n<p style=\"text-align: center;\" align=\"center\"><span style=\"font-size: 18pt;\">MES <span style=\"color: red;\">JULIO 2014<\/span><\/span><\/p>\n<p><span style=\"text-decoration: underline;\"><span style=\"font-size: 18pt;\">DIRIGIDAS A<\/span><\/span><span style=\"font-size: 18pt;\">: <\/span><strong><span style=\"font-size: 26pt;\"><span style=\"font-size: 18pt;\">Alumnos\/as de 1\u00ba de E.S.O.<\/span> <\/span><\/strong><\/p>\n<p><span style=\"text-decoration: underline;\"><span style=\"font-size: 18pt;\">PLAZO<\/span><\/span><span style=\"font-size: 22pt;\">:&nbsp;&nbsp;&nbsp;&nbsp;&nbsp;&nbsp;&nbsp;&nbsp; <\/span><strong><span style=\"font-size: 26pt;\">Hasta el 14 de marzo de 2014<\/span><\/strong><\/p>\n<p><span style=\"text-decoration: underline;\"><span style=\"font-size: 18pt;\">IMPRESOS<\/span><\/span><span style=\"font-size: 22pt;\">: <\/span><span style=\"font-size: 18pt;\"><strong> p\u00e1gina web: <a href=\"https:\/\/sede .educacion.gob.es\/\">https:\/\/sede .educacion.gob.es\/<\/a><\/strong><\/span><\/p>\n<p><span style=\"font-size: 18pt;\"><strong>cumplimentar, imprimir, completar en el colegio de primaria con las notas del curso pasado y presentarlo en la Secretar\u00eda del centro.<\/strong><\/span><\/p>\n","protected":false},"excerpt":{"rendered":"<p>&nbsp; CONVOCATORIA DE AYUDAS MINISTERIO DE EDUCACI\u00d3N, CULTURA Y DEPORTE COLONIAS DE VERANO EN INGL\u00c9S DE 2 SEMANAS DE DURACI\u00d3N MES JULIO 2014 DIRIGIDAS A: Alumnos\/as de 1\u00ba de E.S.O. PLAZO:&nbsp;&nbsp;&nbsp;&nbsp;&nbsp;&nbsp;&nbsp;&nbsp; Hasta el 14 de marzo de 2014 IMPRESOS: p\u00e1gina web: https:\/\/sede .educacion.gob.es\/ cumplimentar, imprimir, completar en el colegio de primaria con las notas del [&hellip;]<\/p>\n","protected":false},"author":1,"featured_media":0,"comment_status":"open","ping_status":"open","sticky":false,"template":"","format":"standard","meta":{"_genesis_hide_title":false,"_genesis_hide_breadcrumbs":false,"_genesis_hide_singular_image":false,"_genesis_hide_footer_widgets":false,"_genesis_custom_body_class":"","_genesis_custom_post_class":"","_genesis_layout":""},"categories":[1],"tags":[],"_links":{"self":[{"href":"https:\/\/iesalhama.educacion.navarra.es\/web1\/wp-json\/wp\/v2\/posts\/273"}],"collection":[{"href":"https:\/\/iesalhama.educacion.navarra.es\/web1\/wp-json\/wp\/v2\/posts"}],"about":[{"href":"https:\/\/iesalhama.educacion.navarra.es\/web1\/wp-json\/wp\/v2\/types\/post"}],"author":[{"embeddable":true,"href":"https:\/\/iesalhama.educacion.navarra.es\/web1\/wp-json\/wp\/v2\/users\/1"}],"replies":[{"embeddable":true,"href":"https:\/\/iesalhama.educacion.navarra.es\/web1\/wp-json\/wp\/v2\/comments?post=273"}],"version-history":[{"count":0,"href":"https:\/\/iesalhama.educacion.navarra.es\/web1\/wp-json\/wp\/v2\/posts\/273\/revisions"}],"wp:attachment":[{"href":"https:\/\/iesalhama.educacion.navarra.es\/web1\/wp-json\/wp\/v2\/media?parent=273"}],"wp:term":[{"taxonomy":"category","embeddable":true,"href":"https:\/\/iesalhama.educacion.navarra.es\/web1\/wp-json\/wp\/v2\/categories?post=273"},{"taxonomy":"post_tag","embeddable":true,"href":"https:\/\/iesalhama.educacion.navarra.es\/web1\/wp-json\/wp\/v2\/tags?post=273"}],"curies":[{"name":"wp","href":"https:\/\/api.w.org\/{rel}","templated":true}]}}