{"id":278,"date":"2014-03-20T11:26:01","date_gmt":"2014-03-20T10:26:01","guid":{"rendered":"https:\/\/iesalhama.educacion.navarra.es\/web1\/blog\/2014\/03\/20\/bratislava-2014\/"},"modified":"2014-03-20T11:26:01","modified_gmt":"2014-03-20T10:26:01","slug":"bratislava-2014","status":"publish","type":"post","link":"https:\/\/iesalhama.educacion.navarra.es\/web1\/bratislava-2014\/","title":{"rendered":"* Intercambio Bratislava"},"content":{"rendered":"\n<p>Intercambio con Bratislava del 18 al 25 de marzo<\/p>\n<p style=\"text-align: justify;\">Durante esta semana, 13 alumnos de Bratislava, junto con su profesora Hanna, nos visitan para hacer un intercambio con alumnado de 4\u00ba ESO A y B. Se trata de que todos convivan y conozcan otros modos de vida a la par que otros sistemas educativos. Para ello, se ha contado con la colaboraci\u00f3n de las familias que han acogido a los alumnos visitantes.<\/p>\n<p style=\"text-align: justify;\">Se ha preparado una serie de actividades que incluye: viaje San Sebasti\u00e1n, Bardenas, Tudela y Pamplona; paseo en bici hasta Fitero y visita a su monasterio; visita guiada por la ciudad de Corella; visita a Adisco y a las bodegas Camilo Castilla; visita a Escuela De Artes y al Centro Cultural de Corella, sin olvidarnos del taller de jotas y de una merienda de despedida.<\/p>\n<p style=\"text-align: justify;\">No solo van a tener visitas y viajes, tambi\u00e9n asistir\u00e1n a clases con sus compa\u00f1eros de 4\u00ba y cocinar\u00e1n en las instalaciones del PCPI. Adem\u00e1s ser\u00e1n recibidos de forma oficial por el Alcalde de Corella, don Javier Arellano. Esperemos que todos disfruten de este intercambio ling\u00fc\u00edstico y cultural.<\/p>\n<p>&nbsp;<\/p>\n","protected":false},"excerpt":{"rendered":"<p>Intercambio con Bratislava del 18 al 25 de marzo Durante esta semana, 13 alumnos de Bratislava, junto con su profesora Hanna, nos visitan para hacer un intercambio con alumnado de 4\u00ba ESO A y B. Se trata de que todos convivan y conozcan otros modos de vida a la par que otros sistemas educativos. Para [&hellip;]<\/p>\n","protected":false},"author":1,"featured_media":0,"comment_status":"open","ping_status":"open","sticky":false,"template":"","format":"standard","meta":{"_genesis_hide_title":false,"_genesis_hide_breadcrumbs":false,"_genesis_hide_singular_image":false,"_genesis_hide_footer_widgets":false,"_genesis_custom_body_class":"","_genesis_custom_post_class":"","_genesis_layout":""},"categories":[1],"tags":[],"_links":{"self":[{"href":"https:\/\/iesalhama.educacion.navarra.es\/web1\/wp-json\/wp\/v2\/posts\/278"}],"collection":[{"href":"https:\/\/iesalhama.educacion.navarra.es\/web1\/wp-json\/wp\/v2\/posts"}],"about":[{"href":"https:\/\/iesalhama.educacion.navarra.es\/web1\/wp-json\/wp\/v2\/types\/post"}],"author":[{"embeddable":true,"href":"https:\/\/iesalhama.educacion.navarra.es\/web1\/wp-json\/wp\/v2\/users\/1"}],"replies":[{"embeddable":true,"href":"https:\/\/iesalhama.educacion.navarra.es\/web1\/wp-json\/wp\/v2\/comments?post=278"}],"version-history":[{"count":0,"href":"https:\/\/iesalhama.educacion.navarra.es\/web1\/wp-json\/wp\/v2\/posts\/278\/revisions"}],"wp:attachment":[{"href":"https:\/\/iesalhama.educacion.navarra.es\/web1\/wp-json\/wp\/v2\/media?parent=278"}],"wp:term":[{"taxonomy":"category","embeddable":true,"href":"https:\/\/iesalhama.educacion.navarra.es\/web1\/wp-json\/wp\/v2\/categories?post=278"},{"taxonomy":"post_tag","embeddable":true,"href":"https:\/\/iesalhama.educacion.navarra.es\/web1\/wp-json\/wp\/v2\/tags?post=278"}],"curies":[{"name":"wp","href":"https:\/\/api.w.org\/{rel}","templated":true}]}}