{"id":2841,"date":"2018-11-15T11:39:20","date_gmt":"2018-11-15T10:39:20","guid":{"rendered":"https:\/\/iesalhama.educacion.navarra.es\/web1\/?p=2841"},"modified":"2018-11-22T12:11:32","modified_gmt":"2018-11-22T11:11:32","slug":"taller-de-autoreparacion-de-bicicletas","status":"publish","type":"post","link":"https:\/\/iesalhama.educacion.navarra.es\/web1\/taller-de-autoreparacion-de-bicicletas\/","title":{"rendered":"Taller de autoreparaci\u00f3n de bicicletas"},"content":{"rendered":"<p>El s\u00e1bado, 11 de noviembre, el IES Alhama y Biciclistas de Corella organizaron un taller de autoreparaci\u00f3n de bicicletas. Un total de 13 chicas y chicos de la ESO y 1\u00ba de Bachillerato m\u00e1s dos Biciclistas y un profesor consiguieron arreglar 14 bicis en algo menos de dos horas. Agradecemos enormemente la ayuda de Javier D\u00edaz (\u00abCiclos Javi\u00bb), ex-alumno del IES Alhama, y su inagotable paciencia para ense\u00f1arnos conceptos b\u00e1sicos de mec\u00e1nica de bicicleta.<\/p>\n<p>Tienes las fotos pinchando <a href=\"https:\/\/photos.app.goo.gl\/bfx9tgQ43yw4scgh8\">aqu\u00ed<\/a><\/p>\n<p><a href=\"https:\/\/iesalhama.educacion.navarra.es\/web1\/taller-de-autoreparacion-de-bicicletas\/taller-autoreparacion-de-bicicletas-2\/\"><img loading=\"lazy\" class=\"aligncenter size-full wp-image-2861\" src=\"https:\/\/iesalhama.educacion.navarra.es\/web1\/wp-content\/uploads\/2018\/11\/Taller-autoreparaci\u00f3n-de-Bicicletas-1.jpg\" alt=\"\" width=\"518\" height=\"277\" \/><\/a><\/p>\n<p>&nbsp;<\/p>\n","protected":false},"excerpt":{"rendered":"<p>El s\u00e1bado, 11 de noviembre, el IES Alhama y Biciclistas de Corella organizaron un taller de autoreparaci\u00f3n de bicicletas. Un total de 13 chicas y chicos de la ESO y 1\u00ba de Bachillerato m\u00e1s dos Biciclistas y un profesor consiguieron arreglar 14 bicis en algo menos de dos horas. Agradecemos enormemente la ayuda de Javier [&hellip;]<\/p>\n","protected":false},"author":1,"featured_media":2849,"comment_status":"open","ping_status":"open","sticky":false,"template":"","format":"standard","meta":{"_genesis_hide_title":false,"_genesis_hide_breadcrumbs":false,"_genesis_hide_singular_image":false,"_genesis_hide_footer_widgets":false,"_genesis_custom_body_class":"","_genesis_custom_post_class":"","_genesis_layout":""},"categories":[78],"tags":[],"_links":{"self":[{"href":"https:\/\/iesalhama.educacion.navarra.es\/web1\/wp-json\/wp\/v2\/posts\/2841"}],"collection":[{"href":"https:\/\/iesalhama.educacion.navarra.es\/web1\/wp-json\/wp\/v2\/posts"}],"about":[{"href":"https:\/\/iesalhama.educacion.navarra.es\/web1\/wp-json\/wp\/v2\/types\/post"}],"author":[{"embeddable":true,"href":"https:\/\/iesalhama.educacion.navarra.es\/web1\/wp-json\/wp\/v2\/users\/1"}],"replies":[{"embeddable":true,"href":"https:\/\/iesalhama.educacion.navarra.es\/web1\/wp-json\/wp\/v2\/comments?post=2841"}],"version-history":[{"count":8,"href":"https:\/\/iesalhama.educacion.navarra.es\/web1\/wp-json\/wp\/v2\/posts\/2841\/revisions"}],"predecessor-version":[{"id":2878,"href":"https:\/\/iesalhama.educacion.navarra.es\/web1\/wp-json\/wp\/v2\/posts\/2841\/revisions\/2878"}],"wp:featuredmedia":[{"embeddable":true,"href":"https:\/\/iesalhama.educacion.navarra.es\/web1\/wp-json\/wp\/v2\/media\/2849"}],"wp:attachment":[{"href":"https:\/\/iesalhama.educacion.navarra.es\/web1\/wp-json\/wp\/v2\/media?parent=2841"}],"wp:term":[{"taxonomy":"category","embeddable":true,"href":"https:\/\/iesalhama.educacion.navarra.es\/web1\/wp-json\/wp\/v2\/categories?post=2841"},{"taxonomy":"post_tag","embeddable":true,"href":"https:\/\/iesalhama.educacion.navarra.es\/web1\/wp-json\/wp\/v2\/tags?post=2841"}],"curies":[{"name":"wp","href":"https:\/\/api.w.org\/{rel}","templated":true}]}}