{"id":294,"date":"2014-04-07T12:16:59","date_gmt":"2014-04-07T10:16:59","guid":{"rendered":"https:\/\/iesalhama.educacion.navarra.es\/web1\/blog\/2014\/04\/07\/psicologos-profesionales2014\/"},"modified":"2014-04-07T12:16:59","modified_gmt":"2014-04-07T10:16:59","slug":"psicologos-profesionales2014","status":"publish","type":"post","link":"https:\/\/iesalhama.educacion.navarra.es\/web1\/psicologos-profesionales2014\/","title":{"rendered":"* Un psic\u00f3logo y una psiquiatra conversan con nuestros alumnos."},"content":{"rendered":"\n<p style=\"text-align: justify; margin-left: 30px;\"><span style=\"font-size: 16px; text-align: justify; line-height: 1.5;\">El pasado viernes&nbsp;<\/span><span style=\"font-size: 16px; color: #000080;\"><strong style=\"font-size: 16px;\">Adolfo Navascu\u00e9s Navascu\u00e9s<\/strong>&nbsp;<\/span><span style=\"font-size: 16px; text-align: justify; line-height: 1.5;\">&nbsp;(psic\u00f3logo en el servicio p\u00fablico de Salud Mental de Tudela \/\/ Centro Gayarre) y&nbsp;<\/span><strong style=\"font-size: 16px;\"><span style=\"font-size: 16px; color: #000080;\">Mar\u00eda Garc\u00eda Nicol\u00e1s<\/span>&nbsp;&nbsp;<\/strong><span style=\"font-size: 16px; text-align: justify; line-height: 1.5;\">(psiquiatra en el mismo Centro) se acercaron al IES Alhama.<\/span><\/p>\n<p style=\"text-align: justify; margin-left: 30px;\"><span style=\"font-size: 16px; text-align: justify; line-height: 1.5;\">Compartieron dos horas con nosotros y contestaron de forma muy did\u00e1ctica al cuestionario que los alumnos de la asignatura de Psicolog\u00eda hab\u00edan preparado. &nbsp;Las dos horas se nos quedaron escasas&#8230;&#8230;.<\/span><\/p>\n<p style=\"text-align: justify; margin-left: 30px;\"><span style=\"font-size: 16px; text-align: justify; line-height: 1.5;\">Una vez m\u00e1s agradecemos a Adolfo Navascu\u00e9s y Mar\u00eda Garc\u00eda su cordialidad y profesionalidad.<\/span><\/p>\n<p style=\"text-align: justify; margin-left: 30px;\"><span style=\"font-size: 16px; text-align: justify; line-height: 1.5;\"><img loading=\"lazy\" class=\" size-full wp-image-292\" src=\"https:\/\/iesalhama.educacion.navarra.es\/web1\/wp-content\/uploads\/2014\/04\/Foto_130_web.jpg\" alt=\"Foto 130 web\" width=\"404\" height=\"304\" srcset=\"https:\/\/iesalhama.educacion.navarra.es\/web1\/wp-content\/uploads\/2014\/04\/Foto_130_web.jpg 1900w, https:\/\/iesalhama.educacion.navarra.es\/web1\/wp-content\/uploads\/2014\/04\/Foto_130_web-300x225.jpg 300w, https:\/\/iesalhama.educacion.navarra.es\/web1\/wp-content\/uploads\/2014\/04\/Foto_130_web-768x576.jpg 768w, https:\/\/iesalhama.educacion.navarra.es\/web1\/wp-content\/uploads\/2014\/04\/Foto_130_web-1024x768.jpg 1024w\" sizes=\"(max-width: 404px) 100vw, 404px\" \/><img loading=\"lazy\" class=\" alignright size-full wp-image-293\" style=\"margin: 5px; float: right;\" src=\"https:\/\/iesalhama.educacion.navarra.es\/web1\/wp-content\/uploads\/2014\/04\/Foto_135_web.jpg\" alt=\"Foto 135 web\" width=\"404\" height=\"303\" srcset=\"https:\/\/iesalhama.educacion.navarra.es\/web1\/wp-content\/uploads\/2014\/04\/Foto_135_web.jpg 1900w, https:\/\/iesalhama.educacion.navarra.es\/web1\/wp-content\/uploads\/2014\/04\/Foto_135_web-300x225.jpg 300w, https:\/\/iesalhama.educacion.navarra.es\/web1\/wp-content\/uploads\/2014\/04\/Foto_135_web-768x576.jpg 768w, https:\/\/iesalhama.educacion.navarra.es\/web1\/wp-content\/uploads\/2014\/04\/Foto_135_web-1024x768.jpg 1024w\" sizes=\"(max-width: 404px) 100vw, 404px\" \/><\/span><\/p>\n<p style=\"text-align: justify; margin-left: 30px;\"><span style=\"font-size: 16px; text-align: justify; line-height: 1.5;\">&nbsp;<\/span><\/p>\n<p style=\"text-align: justify; margin-left: 30px;\"><span style=\"font-size: 16px; text-align: justify; line-height: 1.5;\">&nbsp;<\/span><\/p>\n","protected":false},"excerpt":{"rendered":"<p>El pasado viernes&nbsp;Adolfo Navascu\u00e9s Navascu\u00e9s&nbsp;&nbsp;(psic\u00f3logo en el servicio p\u00fablico de Salud Mental de Tudela \/\/ Centro Gayarre) y&nbsp;Mar\u00eda Garc\u00eda Nicol\u00e1s&nbsp;&nbsp;(psiquiatra en el mismo Centro) se acercaron al IES Alhama. Compartieron dos horas con nosotros y contestaron de forma muy did\u00e1ctica al cuestionario que los alumnos de la asignatura de Psicolog\u00eda hab\u00edan preparado. &nbsp;Las dos horas [&hellip;]<\/p>\n","protected":false},"author":1,"featured_media":292,"comment_status":"open","ping_status":"open","sticky":false,"template":"","format":"standard","meta":{"_genesis_hide_title":false,"_genesis_hide_breadcrumbs":false,"_genesis_hide_singular_image":false,"_genesis_hide_footer_widgets":false,"_genesis_custom_body_class":"","_genesis_custom_post_class":"","_genesis_layout":""},"categories":[1],"tags":[],"_links":{"self":[{"href":"https:\/\/iesalhama.educacion.navarra.es\/web1\/wp-json\/wp\/v2\/posts\/294"}],"collection":[{"href":"https:\/\/iesalhama.educacion.navarra.es\/web1\/wp-json\/wp\/v2\/posts"}],"about":[{"href":"https:\/\/iesalhama.educacion.navarra.es\/web1\/wp-json\/wp\/v2\/types\/post"}],"author":[{"embeddable":true,"href":"https:\/\/iesalhama.educacion.navarra.es\/web1\/wp-json\/wp\/v2\/users\/1"}],"replies":[{"embeddable":true,"href":"https:\/\/iesalhama.educacion.navarra.es\/web1\/wp-json\/wp\/v2\/comments?post=294"}],"version-history":[{"count":0,"href":"https:\/\/iesalhama.educacion.navarra.es\/web1\/wp-json\/wp\/v2\/posts\/294\/revisions"}],"wp:featuredmedia":[{"embeddable":true,"href":"https:\/\/iesalhama.educacion.navarra.es\/web1\/wp-json\/wp\/v2\/media\/292"}],"wp:attachment":[{"href":"https:\/\/iesalhama.educacion.navarra.es\/web1\/wp-json\/wp\/v2\/media?parent=294"}],"wp:term":[{"taxonomy":"category","embeddable":true,"href":"https:\/\/iesalhama.educacion.navarra.es\/web1\/wp-json\/wp\/v2\/categories?post=294"},{"taxonomy":"post_tag","embeddable":true,"href":"https:\/\/iesalhama.educacion.navarra.es\/web1\/wp-json\/wp\/v2\/tags?post=294"}],"curies":[{"name":"wp","href":"https:\/\/api.w.org\/{rel}","templated":true}]}}