{"id":298,"date":"2014-04-09T14:31:46","date_gmt":"2014-04-09T12:31:46","guid":{"rendered":"https:\/\/iesalhama.educacion.navarra.es\/web1\/blog\/2014\/04\/09\/campana-europea-no-hate-speech\/"},"modified":"2014-04-09T14:31:46","modified_gmt":"2014-04-09T12:31:46","slug":"campana-europea-no-hate-speech","status":"publish","type":"post","link":"https:\/\/iesalhama.educacion.navarra.es\/web1\/campana-europea-no-hate-speech\/","title":{"rendered":"* Campa\u00f1a europea \u00abNo hate speech\u00bb"},"content":{"rendered":"\n<p style=\"text-align: left;\"><span style=\"font-size: 12pt;\">Si entras en el blog \u00ab<strong><span style=\"color: #993300;\">Alhama al cine<\/span><\/strong>\u00bb encontrar\u00e1s informaci\u00f3n sobre la campa\u00f1a que el Consejo de Europa ha puesto en marcha contra la intolerancia en Internet.<\/span><\/p>\n<p style=\"text-align: left;\"><span style=\"font-size: 12pt;\">Con motivo de esta campa\u00f1a se va a llevar a cabo un concurso de v\u00eddeos No Hate.<\/span><span style=\"color: #515151; font-family: Arial; font-size: 14px; line-height: 20.285999298095703px; text-align: justify; background-color: #bbbbbd;\"><br \/><\/span><\/p>\n<p style=\"text-align: center;\"><strong><span style=\"font-size: 12pt; color: #993300;\">&nbsp;<\/span><\/strong><\/p>\n<p style=\"text-align: center;\"><strong><span style=\"font-size: 12pt; color: #993300;\">Te animamos a entrar en el blog y a participar.<\/span><\/strong><\/p>\n<p style=\"text-align: center;\"><strong><span style=\"font-size: 12pt; color: #993300;\">&nbsp;<\/span><\/strong><\/p>\n<p style=\"text-align: center;\"><span style=\"color: #0000ff;\"><strong><span style=\"font-size: 12pt;\"><a href=\"http:\/\/alhamaalcine.blogspot.com.es\/\"><span style=\"color: #0000ff;\">http:\/\/alhamaalcine.blogspot.com.es\/<\/span><\/a><\/span><\/strong><\/span><\/p>\n<p><span style=\"font-family: Arial;\">&nbsp;<\/span><\/p>\n","protected":false},"excerpt":{"rendered":"<p>Si entras en el blog \u00abAlhama al cine\u00bb encontrar\u00e1s informaci\u00f3n sobre la campa\u00f1a que el Consejo de Europa ha puesto en marcha contra la intolerancia en Internet. Con motivo de esta campa\u00f1a se va a llevar a cabo un concurso de v\u00eddeos No Hate. &nbsp; Te animamos a entrar en el blog y a participar. [&hellip;]<\/p>\n","protected":false},"author":1,"featured_media":0,"comment_status":"open","ping_status":"open","sticky":false,"template":"","format":"standard","meta":{"_genesis_hide_title":false,"_genesis_hide_breadcrumbs":false,"_genesis_hide_singular_image":false,"_genesis_hide_footer_widgets":false,"_genesis_custom_body_class":"","_genesis_custom_post_class":"","_genesis_layout":""},"categories":[1],"tags":[],"_links":{"self":[{"href":"https:\/\/iesalhama.educacion.navarra.es\/web1\/wp-json\/wp\/v2\/posts\/298"}],"collection":[{"href":"https:\/\/iesalhama.educacion.navarra.es\/web1\/wp-json\/wp\/v2\/posts"}],"about":[{"href":"https:\/\/iesalhama.educacion.navarra.es\/web1\/wp-json\/wp\/v2\/types\/post"}],"author":[{"embeddable":true,"href":"https:\/\/iesalhama.educacion.navarra.es\/web1\/wp-json\/wp\/v2\/users\/1"}],"replies":[{"embeddable":true,"href":"https:\/\/iesalhama.educacion.navarra.es\/web1\/wp-json\/wp\/v2\/comments?post=298"}],"version-history":[{"count":0,"href":"https:\/\/iesalhama.educacion.navarra.es\/web1\/wp-json\/wp\/v2\/posts\/298\/revisions"}],"wp:attachment":[{"href":"https:\/\/iesalhama.educacion.navarra.es\/web1\/wp-json\/wp\/v2\/media?parent=298"}],"wp:term":[{"taxonomy":"category","embeddable":true,"href":"https:\/\/iesalhama.educacion.navarra.es\/web1\/wp-json\/wp\/v2\/categories?post=298"},{"taxonomy":"post_tag","embeddable":true,"href":"https:\/\/iesalhama.educacion.navarra.es\/web1\/wp-json\/wp\/v2\/tags?post=298"}],"curies":[{"name":"wp","href":"https:\/\/api.w.org\/{rel}","templated":true}]}}