{"id":303,"date":"2014-04-29T11:06:00","date_gmt":"2014-04-29T09:06:00","guid":{"rendered":"https:\/\/iesalhama.educacion.navarra.es\/web1\/blog\/2014\/04\/29\/encuentro-con-sergio-aliaga\/"},"modified":"2014-04-29T11:06:00","modified_gmt":"2014-04-29T09:06:00","slug":"encuentro-con-sergio-aliaga","status":"publish","type":"post","link":"https:\/\/iesalhama.educacion.navarra.es\/web1\/encuentro-con-sergio-aliaga\/","title":{"rendered":"* Encuentro con Sergio Aliaga"},"content":{"rendered":"\n<p style=\"text-align: justify;\"><span style=\"font-size: 12pt; line-height: 1.5;\">&nbsp;<\/span><\/p>\n<p style=\"text-align: justify;\"><span style=\"font-size: 12pt; line-height: 1.5;\"><span style=\"color: #222222; font-family: arial, sans-serif; line-height: normal; text-align: start;\">El martes 8 de abril el ciclista profesional cirbonero <strong><span style=\"color: #993300;\">Sergio Aliaga<\/span><\/strong> mantuvo un animado encuentro con el alumnado de 1\u00ba de Bachillerato. De una forma muy amena, Sergio desgran\u00f3 muchos aspectos de su disciplina, el ciclismo de pista, y nos transmiti\u00f3 su pasi\u00f3n y dedicaci\u00f3n al deporte de las dos ruedas. Muchas gracias, Sergio, y nuestros mejores deseos para futuras competiciones.<\/span><\/span><\/p>\n<p style=\"text-align: justify;\"><span style=\"font-size: 12pt;\">&nbsp;<\/span>&nbsp;<\/p>\n","protected":false},"excerpt":{"rendered":"<p>&nbsp; El martes 8 de abril el ciclista profesional cirbonero Sergio Aliaga mantuvo un animado encuentro con el alumnado de 1\u00ba de Bachillerato. De una forma muy amena, Sergio desgran\u00f3 muchos aspectos de su disciplina, el ciclismo de pista, y nos transmiti\u00f3 su pasi\u00f3n y dedicaci\u00f3n al deporte de las dos ruedas. Muchas gracias, Sergio, [&hellip;]<\/p>\n","protected":false},"author":1,"featured_media":0,"comment_status":"open","ping_status":"open","sticky":false,"template":"","format":"standard","meta":{"_genesis_hide_title":false,"_genesis_hide_breadcrumbs":false,"_genesis_hide_singular_image":false,"_genesis_hide_footer_widgets":false,"_genesis_custom_body_class":"","_genesis_custom_post_class":"","_genesis_layout":""},"categories":[1],"tags":[],"_links":{"self":[{"href":"https:\/\/iesalhama.educacion.navarra.es\/web1\/wp-json\/wp\/v2\/posts\/303"}],"collection":[{"href":"https:\/\/iesalhama.educacion.navarra.es\/web1\/wp-json\/wp\/v2\/posts"}],"about":[{"href":"https:\/\/iesalhama.educacion.navarra.es\/web1\/wp-json\/wp\/v2\/types\/post"}],"author":[{"embeddable":true,"href":"https:\/\/iesalhama.educacion.navarra.es\/web1\/wp-json\/wp\/v2\/users\/1"}],"replies":[{"embeddable":true,"href":"https:\/\/iesalhama.educacion.navarra.es\/web1\/wp-json\/wp\/v2\/comments?post=303"}],"version-history":[{"count":0,"href":"https:\/\/iesalhama.educacion.navarra.es\/web1\/wp-json\/wp\/v2\/posts\/303\/revisions"}],"wp:attachment":[{"href":"https:\/\/iesalhama.educacion.navarra.es\/web1\/wp-json\/wp\/v2\/media?parent=303"}],"wp:term":[{"taxonomy":"category","embeddable":true,"href":"https:\/\/iesalhama.educacion.navarra.es\/web1\/wp-json\/wp\/v2\/categories?post=303"},{"taxonomy":"post_tag","embeddable":true,"href":"https:\/\/iesalhama.educacion.navarra.es\/web1\/wp-json\/wp\/v2\/tags?post=303"}],"curies":[{"name":"wp","href":"https:\/\/api.w.org\/{rel}","templated":true}]}}