{"id":306,"date":"2014-04-30T08:53:39","date_gmt":"2014-04-30T06:53:39","guid":{"rendered":"https:\/\/iesalhama.educacion.navarra.es\/web1\/blog\/2014\/04\/30\/tallerdecineenmadrid\/"},"modified":"2014-04-30T08:53:39","modified_gmt":"2014-04-30T06:53:39","slug":"tallerdecineenmadrid","status":"publish","type":"post","link":"https:\/\/iesalhama.educacion.navarra.es\/web1\/tallerdecineenmadrid\/","title":{"rendered":"* Este verano: Taller de cine en Madrid (j\u00f3venes entre 14 y 17 a\u00f1os)"},"content":{"rendered":"\n<p style=\"text-align: center;\"><span style=\"font-size: 12pt;\">&nbsp;<\/span><\/p>\n<p style=\"text-align: justify;\"><span style=\"font-family: arial,helvetica,sans-serif; font-size: 12pt;\">La <strong><span style=\"color: #073763;\">ECAM<\/span><\/strong><strong><span style=\"color: #073763;\"> (Escuela de Cinematograf\u00eda de del Audiovisual de la Comunidad de Madrid)<\/span><\/strong> nos informa de que este verano se van a realizar en Madrid Talleres de Cine para j\u00f3venes entre 14 y 17 a\u00f1os.&nbsp; <\/span><span style=\"font-size: 12pt;\">Si entras en el blog \u00ab<strong><span style=\"color: #993300;\">Alhama al cine<\/span><\/strong>\u00bb encontrar\u00e1s informaci\u00f3n m\u00e1s detallada. <\/span><\/p>\n<p style=\"text-align: center;\"><span style=\"font-size: 14pt; color: #0000ff;\"><strong><a href=\"http:\/\/alhamaalcine.blogspot.com.es\/\"><span style=\"color: #0000ff;\">&nbsp;<\/span><\/a><a href=\"http:\/\/alhamaalcine.blogspot.com.es\/\"><span style=\"color: #0000ff;\">http:\/\/alhamaalcine.blogspot.com.es\/<\/span><\/a><\/strong><\/span><\/p>\n","protected":false},"excerpt":{"rendered":"<p>&nbsp; La ECAM (Escuela de Cinematograf\u00eda de del Audiovisual de la Comunidad de Madrid) nos informa de que este verano se van a realizar en Madrid Talleres de Cine para j\u00f3venes entre 14 y 17 a\u00f1os.&nbsp; Si entras en el blog \u00abAlhama al cine\u00bb encontrar\u00e1s informaci\u00f3n m\u00e1s detallada. &nbsp;http:\/\/alhamaalcine.blogspot.com.es\/<\/p>\n","protected":false},"author":1,"featured_media":0,"comment_status":"open","ping_status":"open","sticky":false,"template":"","format":"standard","meta":{"_genesis_hide_title":false,"_genesis_hide_breadcrumbs":false,"_genesis_hide_singular_image":false,"_genesis_hide_footer_widgets":false,"_genesis_custom_body_class":"","_genesis_custom_post_class":"","_genesis_layout":""},"categories":[1],"tags":[],"_links":{"self":[{"href":"https:\/\/iesalhama.educacion.navarra.es\/web1\/wp-json\/wp\/v2\/posts\/306"}],"collection":[{"href":"https:\/\/iesalhama.educacion.navarra.es\/web1\/wp-json\/wp\/v2\/posts"}],"about":[{"href":"https:\/\/iesalhama.educacion.navarra.es\/web1\/wp-json\/wp\/v2\/types\/post"}],"author":[{"embeddable":true,"href":"https:\/\/iesalhama.educacion.navarra.es\/web1\/wp-json\/wp\/v2\/users\/1"}],"replies":[{"embeddable":true,"href":"https:\/\/iesalhama.educacion.navarra.es\/web1\/wp-json\/wp\/v2\/comments?post=306"}],"version-history":[{"count":0,"href":"https:\/\/iesalhama.educacion.navarra.es\/web1\/wp-json\/wp\/v2\/posts\/306\/revisions"}],"wp:attachment":[{"href":"https:\/\/iesalhama.educacion.navarra.es\/web1\/wp-json\/wp\/v2\/media?parent=306"}],"wp:term":[{"taxonomy":"category","embeddable":true,"href":"https:\/\/iesalhama.educacion.navarra.es\/web1\/wp-json\/wp\/v2\/categories?post=306"},{"taxonomy":"post_tag","embeddable":true,"href":"https:\/\/iesalhama.educacion.navarra.es\/web1\/wp-json\/wp\/v2\/tags?post=306"}],"curies":[{"name":"wp","href":"https:\/\/api.w.org\/{rel}","templated":true}]}}