{"id":308,"date":"2014-05-06T09:22:36","date_gmt":"2014-05-06T07:22:36","guid":{"rendered":"https:\/\/iesalhama.educacion.navarra.es\/web1\/blog\/2014\/05\/06\/cascoobligatorio\/"},"modified":"2014-05-06T09:22:36","modified_gmt":"2014-05-06T07:22:36","slug":"cascoobligatorio","status":"publish","type":"post","link":"https:\/\/iesalhama.educacion.navarra.es\/web1\/cascoobligatorio\/","title":{"rendered":"* Desde el 9 de mayo el casco ser\u00e1 obligatorio tambi\u00e9n en bicicletas\u2026."},"content":{"rendered":"\n<p style=\"text-align: justify;\">&nbsp;<\/p>\n<p style=\"text-align: justify;\"><span style=\"font-family: arial,helvetica,sans-serif; font-size: 12pt;\">El <span style=\"text-decoration: underline;\">pr\u00f3ximo viernes 9 de mayo<\/span>, entrar\u00e1n en vigor, entre otras, las <strong><span style=\"color: #ff0000;\">modificaciones<\/span><\/strong> de los apartados catorce y diecisiete <strong><span style=\"color: #ff0000;\">Ley de Seguridad Vial<\/span><\/strong> (LSV) <strong>(\u201cLey 6\/2014, de 7 de abril, por la que se modifica el texto articulado de la Ley sobre Tr\u00e1fico, Circulaci\u00f3n de Veh\u00edculos a Motor y Seguridad Vial, aprobado por Real Decreto Legislativo 339\/1990, de 2 de marzo\u201d)<\/strong><\/span><\/p>\n<p style=\"text-align: justify;\">&nbsp;<\/p>\n<p style=\"text-align: justify;\"><span style=\"font-family: arial,helvetica,sans-serif; font-size: 12pt;\">&nbsp; .- <span style=\"text-decoration: underline;\"><strong>Catorce<\/strong><\/span>. El segundo p\u00e1rrafo de apartado 1 del art\u00edculo 47 queda redactado del siguiente modo:<\/span><\/p>\n<p style=\"text-align: justify;\">&nbsp;<\/p>\n<p style=\"margin-left: 35.4pt; text-align: justify;\"><span style=\"font-family: arial,helvetica,sans-serif; font-size: 12pt;\"><strong><span style=\"color: #073763;\">&nbsp;<\/span><\/strong>\u201cLos <strong>conductores y, en su caso los ocupantes de bicicletas y ciclos en general<\/strong> estar\u00e1n <strong>obligados a utilizar el casco de protecci\u00f3n en las v\u00edas urbanas, interurbanas y traves\u00edas<\/strong>, en los supuestos y con las condiciones que reglamentariamente se determinen, <strong>siendo obligatorio su uso por los menores de diecis\u00e9is a\u00f1os, y tambi\u00e9n por quienes circulen en v\u00edas interurbanas.\u201d<\/strong><\/span><\/p>\n<p style=\"margin-left: 35.4pt; text-align: justify;\">&nbsp;<\/p>\n<p style=\"text-align: justify;\"><span style=\"font-family: arial,helvetica,sans-serif; font-size: 12pt;\">&nbsp;.- <span style=\"text-decoration: underline;\"><strong>Diecisiete<\/strong><\/span>. el p\u00e1rrafo i) del ap. 4 del art\u00edculo 65 queda redactado del siguiente modo: (prohibido\u2026\u2026)<\/span><\/p>\n<p style=\"text-align: justify;\"><span style=\"font-family: arial,helvetica,sans-serif; font-size: 12pt;\"><strong><span style=\"color: #073763;\">&nbsp;<\/span><\/strong><\/span><\/p>\n<p style=\"margin-left: 35.4pt; text-align: justify;\"><span style=\"font-family: arial,helvetica,sans-serif; font-size: 12pt;\"><strong>\u201ci) Circular con menores de doce a\u00f1os como pasajeros de ciclomotores o motocicletas, o con menores en los asientos delanteros o traseros, cuando no est\u00e9 permitido\u201d<\/strong><\/span><\/p>\n<p style=\"text-align: justify;\"><span style=\"font-family: arial,helvetica,sans-serif; font-size: 12pt;\"><strong><span style=\"color: #073763;\">&nbsp;<\/span><\/strong><strong><span style=\"color: #073763;\">&nbsp;<\/span><\/strong><\/span><\/p>\n","protected":false},"excerpt":{"rendered":"<p>&nbsp; El pr\u00f3ximo viernes 9 de mayo, entrar\u00e1n en vigor, entre otras, las modificaciones de los apartados catorce y diecisiete Ley de Seguridad Vial (LSV) (\u201cLey 6\/2014, de 7 de abril, por la que se modifica el texto articulado de la Ley sobre Tr\u00e1fico, Circulaci\u00f3n de Veh\u00edculos a Motor y Seguridad Vial, aprobado por Real [&hellip;]<\/p>\n","protected":false},"author":1,"featured_media":0,"comment_status":"open","ping_status":"open","sticky":false,"template":"","format":"standard","meta":{"_genesis_hide_title":false,"_genesis_hide_breadcrumbs":false,"_genesis_hide_singular_image":false,"_genesis_hide_footer_widgets":false,"_genesis_custom_body_class":"","_genesis_custom_post_class":"","_genesis_layout":""},"categories":[1],"tags":[],"_links":{"self":[{"href":"https:\/\/iesalhama.educacion.navarra.es\/web1\/wp-json\/wp\/v2\/posts\/308"}],"collection":[{"href":"https:\/\/iesalhama.educacion.navarra.es\/web1\/wp-json\/wp\/v2\/posts"}],"about":[{"href":"https:\/\/iesalhama.educacion.navarra.es\/web1\/wp-json\/wp\/v2\/types\/post"}],"author":[{"embeddable":true,"href":"https:\/\/iesalhama.educacion.navarra.es\/web1\/wp-json\/wp\/v2\/users\/1"}],"replies":[{"embeddable":true,"href":"https:\/\/iesalhama.educacion.navarra.es\/web1\/wp-json\/wp\/v2\/comments?post=308"}],"version-history":[{"count":0,"href":"https:\/\/iesalhama.educacion.navarra.es\/web1\/wp-json\/wp\/v2\/posts\/308\/revisions"}],"wp:attachment":[{"href":"https:\/\/iesalhama.educacion.navarra.es\/web1\/wp-json\/wp\/v2\/media?parent=308"}],"wp:term":[{"taxonomy":"category","embeddable":true,"href":"https:\/\/iesalhama.educacion.navarra.es\/web1\/wp-json\/wp\/v2\/categories?post=308"},{"taxonomy":"post_tag","embeddable":true,"href":"https:\/\/iesalhama.educacion.navarra.es\/web1\/wp-json\/wp\/v2\/tags?post=308"}],"curies":[{"name":"wp","href":"https:\/\/api.w.org\/{rel}","templated":true}]}}