{"id":309,"date":"2014-05-19T10:50:28","date_gmt":"2014-05-19T08:50:28","guid":{"rendered":"https:\/\/iesalhama.educacion.navarra.es\/web1\/blog\/2014\/05\/19\/granprix2014\/"},"modified":"2014-05-19T10:50:28","modified_gmt":"2014-05-19T08:50:28","slug":"granprix2014","status":"publish","type":"post","link":"https:\/\/iesalhama.educacion.navarra.es\/web1\/granprix2014\/","title":{"rendered":"* I Gran Prix Deportivo"},"content":{"rendered":"\n<p style=\"text-align: center;\">&nbsp;<\/p>\n<p style=\"text-align: justify;\"><span style=\"font-size: 14px; color: #222222; font-family: Arial; line-height: normal; text-align: start;\">I Gran Prix Deportivo Junior del Verano \u201cCiudad de Corella\u201d&nbsp;<\/span><\/p>\n<p class=\"moduletable\" style=\"text-align: center;\"><span style=\"font-size: 14px; color: #222222; font-family: Arial; line-height: normal; text-align: start;\">Se est\u00e1 preparando el Gran Prix Deportivo Junior del Verano \u00abCiudad de Corella\u00bb que es un torneo p<\/span><span style=\"font-size: 14px; color: #222222; font-family: Arial; line-height: normal; text-align: start;\">or equipos mixtos (3 chicos y 3 chicas) constituido por un conjunto de pruebas realizadas a lo largo del verano, mayoritariamente deportivas, en cada una de las cuales los equipos pueden acumular o restar puntos en funci\u00f3n de distintos aspectos como su rendimiento deportivo, su comportamiento \u00e9tico y el de sus familias en las pruebas, su grado de participaci\u00f3n, as\u00ed como su nivel de conocimiento y concienciaci\u00f3n en aspectos relacionados con el deporte, la alimentaci\u00f3n y la salud, entre otros aspectos. Al finalizar el Gran Prix, todos los equipos, siempre que lleguen a un m\u00ednimo de puntuaci\u00f3n, podr\u00e1n canjear sus puntos finales en distintos premios y regalos. A m\u00e1s puntos, m\u00e1s y mejores premios.<\/span><\/p>\n<p style=\"text-align: center;\"><span style=\"color: #222222; font-family: Arial; font-size: 13.63636302947998px; line-height: normal; text-align: start;\">Os animamos a participar.<\/span><\/p>\n<p style=\"text-align: center;\"><span style=\"color: #222222; font-family: Arial; font-size: 13.63636302947998px; line-height: normal; text-align: start;\">&nbsp;Pod\u00e9is consultar el reglamento del concurso en la<a href=\"http:\/\/www.corella.es\/newsmodule\/view\/id\/393\/src\/@random4c19da1bb1f36\/\"> web del ayuntamiento.<\/a><\/span><\/p>\n","protected":false},"excerpt":{"rendered":"<p>&nbsp; I Gran Prix Deportivo Junior del Verano \u201cCiudad de Corella\u201d&nbsp; Se est\u00e1 preparando el Gran Prix Deportivo Junior del Verano \u00abCiudad de Corella\u00bb que es un torneo por equipos mixtos (3 chicos y 3 chicas) constituido por un conjunto de pruebas realizadas a lo largo del verano, mayoritariamente deportivas, en cada una de las [&hellip;]<\/p>\n","protected":false},"author":1,"featured_media":0,"comment_status":"open","ping_status":"open","sticky":false,"template":"","format":"standard","meta":{"_genesis_hide_title":false,"_genesis_hide_breadcrumbs":false,"_genesis_hide_singular_image":false,"_genesis_hide_footer_widgets":false,"_genesis_custom_body_class":"","_genesis_custom_post_class":"","_genesis_layout":""},"categories":[1],"tags":[],"_links":{"self":[{"href":"https:\/\/iesalhama.educacion.navarra.es\/web1\/wp-json\/wp\/v2\/posts\/309"}],"collection":[{"href":"https:\/\/iesalhama.educacion.navarra.es\/web1\/wp-json\/wp\/v2\/posts"}],"about":[{"href":"https:\/\/iesalhama.educacion.navarra.es\/web1\/wp-json\/wp\/v2\/types\/post"}],"author":[{"embeddable":true,"href":"https:\/\/iesalhama.educacion.navarra.es\/web1\/wp-json\/wp\/v2\/users\/1"}],"replies":[{"embeddable":true,"href":"https:\/\/iesalhama.educacion.navarra.es\/web1\/wp-json\/wp\/v2\/comments?post=309"}],"version-history":[{"count":0,"href":"https:\/\/iesalhama.educacion.navarra.es\/web1\/wp-json\/wp\/v2\/posts\/309\/revisions"}],"wp:attachment":[{"href":"https:\/\/iesalhama.educacion.navarra.es\/web1\/wp-json\/wp\/v2\/media?parent=309"}],"wp:term":[{"taxonomy":"category","embeddable":true,"href":"https:\/\/iesalhama.educacion.navarra.es\/web1\/wp-json\/wp\/v2\/categories?post=309"},{"taxonomy":"post_tag","embeddable":true,"href":"https:\/\/iesalhama.educacion.navarra.es\/web1\/wp-json\/wp\/v2\/tags?post=309"}],"curies":[{"name":"wp","href":"https:\/\/api.w.org\/{rel}","templated":true}]}}