{"id":314,"date":"2014-05-29T21:12:21","date_gmt":"2014-05-29T19:12:21","guid":{"rendered":"https:\/\/iesalhama.educacion.navarra.es\/web1\/blog\/2014\/05\/29\/entrega-premios-comenius\/"},"modified":"2014-05-29T21:12:21","modified_gmt":"2014-05-29T19:12:21","slug":"entrega-premios-comenius","status":"publish","type":"post","link":"https:\/\/iesalhama.educacion.navarra.es\/web1\/entrega-premios-comenius\/","title":{"rendered":"* Entrega premios Comenius"},"content":{"rendered":"\n<p><strong style=\"font-size: 16px; color: #222222; font-family: arial, sans-serif; line-height: normal; text-align: start;\"><span style=\"color: #800000;\">Paloma R\u00e1ndez<\/span><\/strong><span style=\"font-size: 16px; color: #222222; font-family: arial, sans-serif; line-height: normal; text-align: start;\">, alumna de 1\u00baA de Bachillerato, ha recibido el premio a la mejor redacci\u00f3n del concurso que se organiz\u00f3, dentro del Proyecto Comenius 2013-15, sobre la estancia del alumnado europeo en su visita a Corella, Cintru\u00e9nigo y Fitero durante los d\u00edas 25 de febrero a 1 de marzo de 2014.<\/span><span style=\"color: #222222; font-family: arial, sans-serif; font-size: 12pt; line-height: normal; text-align: start;\"><span>&nbsp;<\/span><\/span>&nbsp;<\/p>\n<p style=\"text-align: left;\"><img loading=\"lazy\" class=\" size-full wp-image-312\" style=\"display: block; margin-left: auto; margin-right: auto;\" src=\"https:\/\/iesalhama.educacion.navarra.es\/web1\/wp-content\/uploads\/2014\/05\/foto_redaccion.jpg\" alt=\"foto redaccion\" width=\"500\" height=\"346\" srcset=\"https:\/\/iesalhama.educacion.navarra.es\/web1\/wp-content\/uploads\/2014\/05\/foto_redaccion.jpg 500w, https:\/\/iesalhama.educacion.navarra.es\/web1\/wp-content\/uploads\/2014\/05\/foto_redaccion-300x208.jpg 300w\" sizes=\"(max-width: 500px) 100vw, 500px\" \/><span style=\"font-size: 12px; line-height: 1.5;\">&nbsp;<\/span><\/p>\n<p style=\"text-align: left;\">&nbsp;<\/p>\n<p style=\"text-align: left;\"><span style=\"font-size: 12px; line-height: 1.5;\">&nbsp;<\/span><span style=\"color: #222222; font-family: arial, sans-serif; font-size: 16px; line-height: normal; text-align: start;\">As\u00ed mismo, los alumnos&nbsp;<\/span><strong style=\"font-size: 16px; color: #222222; font-family: arial, sans-serif; line-height: normal; text-align: start;\"><span style=\"font-size: 16px; color: #800000;\">C\u00e9sar Padilla, Rub\u00e9n Salcedo, Ra\u00fal Arellano<\/span><\/strong><span style=\"color: #222222; font-family: arial, sans-serif; font-size: 16px; line-height: normal; text-align: start;\">&nbsp;y&nbsp;<\/span><strong style=\"font-size: 16px; color: #222222; font-family: arial, sans-serif; line-height: normal; text-align: start;\"><span style=\"font-size: 16px; color: #800000;\">Adri\u00e1n Vall\u00e9s<\/span><\/strong><span style=\"color: #222222; font-family: arial, sans-serif; font-size: 16px; line-height: normal; text-align: start;\">&nbsp;han recibido premio por dise\u00f1ar los mejores posters para otro concurso del mismo Proyecto Comenius relacionado con el ahorro en el consumo de agua y consumo energ\u00e9tico.<\/span><\/p>\n<p style=\"text-align: left;\">&nbsp;<\/p>\n<p style=\"text-align: left;\"><img loading=\"lazy\" class=\" size-full wp-image-313\" style=\"display: block; margin-left: auto; margin-right: auto;\" src=\"https:\/\/iesalhama.educacion.navarra.es\/web1\/wp-content\/uploads\/2014\/05\/premios_posters.jpg\" alt=\"premios posters\" width=\"600\" height=\"450\" srcset=\"https:\/\/iesalhama.educacion.navarra.es\/web1\/wp-content\/uploads\/2014\/05\/premios_posters.jpg 600w, https:\/\/iesalhama.educacion.navarra.es\/web1\/wp-content\/uploads\/2014\/05\/premios_posters-300x225.jpg 300w\" sizes=\"(max-width: 600px) 100vw, 600px\" \/><\/p>\n","protected":false},"excerpt":{"rendered":"<p>Paloma R\u00e1ndez, alumna de 1\u00baA de Bachillerato, ha recibido el premio a la mejor redacci\u00f3n del concurso que se organiz\u00f3, dentro del Proyecto Comenius 2013-15, sobre la estancia del alumnado europeo en su visita a Corella, Cintru\u00e9nigo y Fitero durante los d\u00edas 25 de febrero a 1 de marzo de 2014.&nbsp;&nbsp; &nbsp; &nbsp; &nbsp;As\u00ed mismo, [&hellip;]<\/p>\n","protected":false},"author":1,"featured_media":312,"comment_status":"open","ping_status":"open","sticky":false,"template":"","format":"standard","meta":{"_genesis_hide_title":false,"_genesis_hide_breadcrumbs":false,"_genesis_hide_singular_image":false,"_genesis_hide_footer_widgets":false,"_genesis_custom_body_class":"","_genesis_custom_post_class":"","_genesis_layout":""},"categories":[1],"tags":[],"_links":{"self":[{"href":"https:\/\/iesalhama.educacion.navarra.es\/web1\/wp-json\/wp\/v2\/posts\/314"}],"collection":[{"href":"https:\/\/iesalhama.educacion.navarra.es\/web1\/wp-json\/wp\/v2\/posts"}],"about":[{"href":"https:\/\/iesalhama.educacion.navarra.es\/web1\/wp-json\/wp\/v2\/types\/post"}],"author":[{"embeddable":true,"href":"https:\/\/iesalhama.educacion.navarra.es\/web1\/wp-json\/wp\/v2\/users\/1"}],"replies":[{"embeddable":true,"href":"https:\/\/iesalhama.educacion.navarra.es\/web1\/wp-json\/wp\/v2\/comments?post=314"}],"version-history":[{"count":0,"href":"https:\/\/iesalhama.educacion.navarra.es\/web1\/wp-json\/wp\/v2\/posts\/314\/revisions"}],"wp:featuredmedia":[{"embeddable":true,"href":"https:\/\/iesalhama.educacion.navarra.es\/web1\/wp-json\/wp\/v2\/media\/312"}],"wp:attachment":[{"href":"https:\/\/iesalhama.educacion.navarra.es\/web1\/wp-json\/wp\/v2\/media?parent=314"}],"wp:term":[{"taxonomy":"category","embeddable":true,"href":"https:\/\/iesalhama.educacion.navarra.es\/web1\/wp-json\/wp\/v2\/categories?post=314"},{"taxonomy":"post_tag","embeddable":true,"href":"https:\/\/iesalhama.educacion.navarra.es\/web1\/wp-json\/wp\/v2\/tags?post=314"}],"curies":[{"name":"wp","href":"https:\/\/api.w.org\/{rel}","templated":true}]}}