{"id":320,"date":"2014-06-11T20:58:00","date_gmt":"2014-06-11T18:58:00","guid":{"rendered":"https:\/\/iesalhama.educacion.navarra.es\/web1\/blog\/2014\/06\/11\/andrea-gonzalez-en-la-television-navarra\/"},"modified":"2014-06-11T20:58:00","modified_gmt":"2014-06-11T18:58:00","slug":"andrea-gonzalez-en-la-television-navarra","status":"publish","type":"post","link":"https:\/\/iesalhama.educacion.navarra.es\/web1\/andrea-gonzalez-en-la-television-navarra\/","title":{"rendered":"* Andrea Gonz\u00e1lez en la televisi\u00f3n navarra"},"content":{"rendered":"\n<p><span style=\"font-size: 12pt; line-height: 115%;\"><strong><span style=\"color: #993300;\">A<\/span><\/strong><\/span><span style=\"font-size: 12pt; line-height: 115%;\"><strong><span style=\"color: #993300;\">ndrea Gonz\u00e1lez<\/span><\/strong> es entrevistada en la televisi\u00f3n navarra este pasado 5 de junio. Andrea junto con otros cuatro compa\u00f1eros navarros son protagonistas del magazine televisivo \u201cMe importas t\u00fa\u201d.&nbsp; Andrea habla de c\u00f3mo una profesora del instituto le inform\u00f3 de estas becas, de los pasos que sigui\u00f3 y de que les coment\u00f3 el programa COMENIUS de nuestro instituto.<\/span><\/p>\n<p style=\"text-align: justify;\"><span style=\"font-size: 12pt; line-height: 115%;\">&nbsp;<\/span><\/p>\n<p><span style=\"font-size: 12pt; line-height: 115%;\">Si quieres ver la entrevista sigue este enlace <strong><span style=\"color: #0000ff;\"><a href=\"https:\/\/www.youtube.com\/watch?v=p1JF3E1pAx8\"><span style=\"color: #0000ff;\">&nbsp;<\/span><\/a><a href=\"https:\/\/www.youtube.com\/watch?v=p1JF3E1pAx8\"><span style=\"color: #0000ff;\">https:\/\/www.youtube.com\/watch?v=p1JF3E1pAx8<\/span><\/a><\/span><\/strong><\/span><\/p>\n<p><span style=\"font-size: 12pt; line-height: 115%;\">&nbsp;<\/span><\/p>\n<p><span style=\"font-size: 12pt; line-height: 115%;\"><img loading=\"lazy\" class=\" size-full wp-image-319\" style=\"display: block; margin-left: auto; margin-right: auto;\" src=\"https:\/\/iesalhama.educacion.navarra.es\/web1\/wp-content\/uploads\/2014\/06\/Andrea.jpg\" alt=\"Andrea\" width=\"200\" height=\"203\" \/><\/span><\/p>\n<p style=\"text-align: center;\"><strong><span style=\"font-size: 12pt; line-height: 115%; color: #993300;\">&nbsp;<\/span><\/strong><\/p>\n<p style=\"text-align: center;\"><strong><span style=\"font-size: 12pt; line-height: 115%; color: #993300;\">Enhorabuena, otra vez, Andrea.<\/span><\/strong><\/p>\n<p><strong><span style=\"font-size: 12pt; line-height: 115%; color: #993300;\">&nbsp;<\/span><\/strong><\/p>\n<p><strong><span style=\"font-size: 12pt; line-height: 115%; color: #993300;\">&nbsp;<\/span><\/strong><\/p>\n","protected":false},"excerpt":{"rendered":"<p>Andrea Gonz\u00e1lez es entrevistada en la televisi\u00f3n navarra este pasado 5 de junio. Andrea junto con otros cuatro compa\u00f1eros navarros son protagonistas del magazine televisivo \u201cMe importas t\u00fa\u201d.&nbsp; Andrea habla de c\u00f3mo una profesora del instituto le inform\u00f3 de estas becas, de los pasos que sigui\u00f3 y de que les coment\u00f3 el programa COMENIUS de [&hellip;]<\/p>\n","protected":false},"author":1,"featured_media":319,"comment_status":"open","ping_status":"open","sticky":false,"template":"","format":"standard","meta":{"_genesis_hide_title":false,"_genesis_hide_breadcrumbs":false,"_genesis_hide_singular_image":false,"_genesis_hide_footer_widgets":false,"_genesis_custom_body_class":"","_genesis_custom_post_class":"","_genesis_layout":""},"categories":[1],"tags":[],"_links":{"self":[{"href":"https:\/\/iesalhama.educacion.navarra.es\/web1\/wp-json\/wp\/v2\/posts\/320"}],"collection":[{"href":"https:\/\/iesalhama.educacion.navarra.es\/web1\/wp-json\/wp\/v2\/posts"}],"about":[{"href":"https:\/\/iesalhama.educacion.navarra.es\/web1\/wp-json\/wp\/v2\/types\/post"}],"author":[{"embeddable":true,"href":"https:\/\/iesalhama.educacion.navarra.es\/web1\/wp-json\/wp\/v2\/users\/1"}],"replies":[{"embeddable":true,"href":"https:\/\/iesalhama.educacion.navarra.es\/web1\/wp-json\/wp\/v2\/comments?post=320"}],"version-history":[{"count":0,"href":"https:\/\/iesalhama.educacion.navarra.es\/web1\/wp-json\/wp\/v2\/posts\/320\/revisions"}],"wp:featuredmedia":[{"embeddable":true,"href":"https:\/\/iesalhama.educacion.navarra.es\/web1\/wp-json\/wp\/v2\/media\/319"}],"wp:attachment":[{"href":"https:\/\/iesalhama.educacion.navarra.es\/web1\/wp-json\/wp\/v2\/media?parent=320"}],"wp:term":[{"taxonomy":"category","embeddable":true,"href":"https:\/\/iesalhama.educacion.navarra.es\/web1\/wp-json\/wp\/v2\/categories?post=320"},{"taxonomy":"post_tag","embeddable":true,"href":"https:\/\/iesalhama.educacion.navarra.es\/web1\/wp-json\/wp\/v2\/tags?post=320"}],"curies":[{"name":"wp","href":"https:\/\/api.w.org\/{rel}","templated":true}]}}