{"id":3251,"date":"2019-03-28T12:41:29","date_gmt":"2019-03-28T11:41:29","guid":{"rendered":"https:\/\/iesalhama.educacion.navarra.es\/web1\/?p=3251"},"modified":"2019-03-28T12:41:30","modified_gmt":"2019-03-28T11:41:30","slug":"minuto-de-silencio-por-los-atentados-de-nueva-zelanda","status":"publish","type":"post","link":"https:\/\/iesalhama.educacion.navarra.es\/web1\/minuto-de-silencio-por-los-atentados-de-nueva-zelanda\/","title":{"rendered":"MINUTO DE SILENCIO POR LOS ATENTADOS DE NUEVA ZELANDA"},"content":{"rendered":"\n<p><\/p>\n\n\n\n<p>El pasado viernes 22 de Marzo, en el instituto Alhama de Corella, se guard\u00f3 un minuto de silencio en se\u00f1al de duelo y reflexi\u00f3n por el doble atentado llevado a cabo en Nueva Zelanda el 15 de Marzo contra dos mezquitas.<\/p>\n\n\n\n<ul class=\"wp-block-gallery columns-2 is-cropped\"><li class=\"blocks-gallery-item\"><figure><img loading=\"lazy\" width=\"1024\" height=\"768\" src=\"https:\/\/iesalhama.educacion.navarra.es\/web1\/wp-content\/uploads\/2019\/03\/IMG-20190322-WA0001-1024x768.jpg\" alt=\"Alumnado concentrado puerta instituto\" data-id=\"3256\" data-link=\"https:\/\/iesalhama.educacion.navarra.es\/web1\/img-20190322-wa0001\/\" class=\"wp-image-3256\" srcset=\"https:\/\/iesalhama.educacion.navarra.es\/web1\/wp-content\/uploads\/2019\/03\/IMG-20190322-WA0001-1024x768.jpg 1024w, https:\/\/iesalhama.educacion.navarra.es\/web1\/wp-content\/uploads\/2019\/03\/IMG-20190322-WA0001-300x225.jpg 300w, https:\/\/iesalhama.educacion.navarra.es\/web1\/wp-content\/uploads\/2019\/03\/IMG-20190322-WA0001-768x576.jpg 768w, https:\/\/iesalhama.educacion.navarra.es\/web1\/wp-content\/uploads\/2019\/03\/IMG-20190322-WA0001.jpg 1600w\" sizes=\"(max-width: 1024px) 100vw, 1024px\" \/><\/figure><\/li><li class=\"blocks-gallery-item\"><figure><img loading=\"lazy\" width=\"1024\" height=\"768\" src=\"https:\/\/iesalhama.educacion.navarra.es\/web1\/wp-content\/uploads\/2019\/03\/IMG-20190322-WA0002-1024x768.jpg\" alt=\"\" data-id=\"3255\" data-link=\"https:\/\/iesalhama.educacion.navarra.es\/web1\/img-20190322-wa0002\/\" class=\"wp-image-3255\" srcset=\"https:\/\/iesalhama.educacion.navarra.es\/web1\/wp-content\/uploads\/2019\/03\/IMG-20190322-WA0002-1024x768.jpg 1024w, https:\/\/iesalhama.educacion.navarra.es\/web1\/wp-content\/uploads\/2019\/03\/IMG-20190322-WA0002-300x225.jpg 300w, https:\/\/iesalhama.educacion.navarra.es\/web1\/wp-content\/uploads\/2019\/03\/IMG-20190322-WA0002-768x576.jpg 768w, https:\/\/iesalhama.educacion.navarra.es\/web1\/wp-content\/uploads\/2019\/03\/IMG-20190322-WA0002.jpg 1600w\" sizes=\"(max-width: 1024px) 100vw, 1024px\" \/><\/figure><\/li><\/ul>\n","protected":false},"excerpt":{"rendered":"<p>El pasado viernes 22 de Marzo, en el instituto Alhama de Corella, se guard\u00f3 un minuto de silencio en se\u00f1al de duelo y reflexi\u00f3n por el doble atentado llevado a cabo en Nueva Zelanda el 15 de Marzo contra dos mezquitas.<\/p>\n","protected":false},"author":1,"featured_media":0,"comment_status":"open","ping_status":"open","sticky":false,"template":"","format":"standard","meta":{"_genesis_hide_title":false,"_genesis_hide_breadcrumbs":false,"_genesis_hide_singular_image":false,"_genesis_hide_footer_widgets":false,"_genesis_custom_body_class":"","_genesis_custom_post_class":"","_genesis_layout":""},"categories":[78,1],"tags":[],"_links":{"self":[{"href":"https:\/\/iesalhama.educacion.navarra.es\/web1\/wp-json\/wp\/v2\/posts\/3251"}],"collection":[{"href":"https:\/\/iesalhama.educacion.navarra.es\/web1\/wp-json\/wp\/v2\/posts"}],"about":[{"href":"https:\/\/iesalhama.educacion.navarra.es\/web1\/wp-json\/wp\/v2\/types\/post"}],"author":[{"embeddable":true,"href":"https:\/\/iesalhama.educacion.navarra.es\/web1\/wp-json\/wp\/v2\/users\/1"}],"replies":[{"embeddable":true,"href":"https:\/\/iesalhama.educacion.navarra.es\/web1\/wp-json\/wp\/v2\/comments?post=3251"}],"version-history":[{"count":4,"href":"https:\/\/iesalhama.educacion.navarra.es\/web1\/wp-json\/wp\/v2\/posts\/3251\/revisions"}],"predecessor-version":[{"id":3257,"href":"https:\/\/iesalhama.educacion.navarra.es\/web1\/wp-json\/wp\/v2\/posts\/3251\/revisions\/3257"}],"wp:attachment":[{"href":"https:\/\/iesalhama.educacion.navarra.es\/web1\/wp-json\/wp\/v2\/media?parent=3251"}],"wp:term":[{"taxonomy":"category","embeddable":true,"href":"https:\/\/iesalhama.educacion.navarra.es\/web1\/wp-json\/wp\/v2\/categories?post=3251"},{"taxonomy":"post_tag","embeddable":true,"href":"https:\/\/iesalhama.educacion.navarra.es\/web1\/wp-json\/wp\/v2\/tags?post=3251"}],"curies":[{"name":"wp","href":"https:\/\/api.w.org\/{rel}","templated":true}]}}