{"id":330,"date":"2014-06-13T20:49:43","date_gmt":"2014-06-13T18:49:43","guid":{"rendered":"https:\/\/iesalhama.educacion.navarra.es\/web1\/blog\/2014\/06\/13\/alumnos-de-4-de-diversificacion\/"},"modified":"2014-06-13T20:49:43","modified_gmt":"2014-06-13T18:49:43","slug":"alumnos-de-4-de-diversificacion","status":"publish","type":"post","link":"https:\/\/iesalhama.educacion.navarra.es\/web1\/alumnos-de-4-de-diversificacion\/","title":{"rendered":"* Alumnos de 4\u00ba de Diversificaci\u00f3n"},"content":{"rendered":"\n<div style=\"color: #222222; font-family: arial, sans-serif; font-size: 12.800000190734863px; line-height: normal; text-align: start;\"><span style=\"font-size: 12pt;\">Durante este curso los 11 alumnos\/as de 4\u00ba DC han disfrutado de una breve experiencia de trabajo, durante 15 d\u00edas, en algunas empresas o centros de trabajo de la localidad: Residencia de Ancianos, Adisco, Guarder\u00eda, Eroski, Ciclos Peca y Ayuntamiento de Corella. Agradecemos la colaboraci\u00f3n y las facilidades aportadas por las empresas mencionadas.<\/span><\/div>\n<p style=\"text-align: center;\"><span style=\"color: #222222; font-family: arial, sans-serif; font-size: 12pt; line-height: normal; text-align: start;\">&nbsp;&nbsp; La valoraci\u00f3n de la experiencia ha sido muy positiva. Repetiremos.<\/span>&nbsp;<\/p>\n<p>&nbsp;<\/p>\n<p style=\"text-align: center;\"><img loading=\"lazy\" class=\" size-full wp-image-329\" src=\"https:\/\/iesalhama.educacion.navarra.es\/web1\/wp-content\/uploads\/2014\/06\/Alumnos_diver.jpg\" alt=\"Alumnos diver\" width=\"592\" height=\"363\" srcset=\"https:\/\/iesalhama.educacion.navarra.es\/web1\/wp-content\/uploads\/2014\/06\/Alumnos_diver.jpg 592w, https:\/\/iesalhama.educacion.navarra.es\/web1\/wp-content\/uploads\/2014\/06\/Alumnos_diver-300x184.jpg 300w\" sizes=\"(max-width: 592px) 100vw, 592px\" \/><\/p>\n","protected":false},"excerpt":{"rendered":"<p>Durante este curso los 11 alumnos\/as de 4\u00ba DC han disfrutado de una breve experiencia de trabajo, durante 15 d\u00edas, en algunas empresas o centros de trabajo de la localidad: Residencia de Ancianos, Adisco, Guarder\u00eda, Eroski, Ciclos Peca y Ayuntamiento de Corella. Agradecemos la colaboraci\u00f3n y las facilidades aportadas por las empresas mencionadas. &nbsp;&nbsp; La [&hellip;]<\/p>\n","protected":false},"author":1,"featured_media":329,"comment_status":"open","ping_status":"open","sticky":false,"template":"","format":"standard","meta":{"_genesis_hide_title":false,"_genesis_hide_breadcrumbs":false,"_genesis_hide_singular_image":false,"_genesis_hide_footer_widgets":false,"_genesis_custom_body_class":"","_genesis_custom_post_class":"","_genesis_layout":""},"categories":[1],"tags":[],"_links":{"self":[{"href":"https:\/\/iesalhama.educacion.navarra.es\/web1\/wp-json\/wp\/v2\/posts\/330"}],"collection":[{"href":"https:\/\/iesalhama.educacion.navarra.es\/web1\/wp-json\/wp\/v2\/posts"}],"about":[{"href":"https:\/\/iesalhama.educacion.navarra.es\/web1\/wp-json\/wp\/v2\/types\/post"}],"author":[{"embeddable":true,"href":"https:\/\/iesalhama.educacion.navarra.es\/web1\/wp-json\/wp\/v2\/users\/1"}],"replies":[{"embeddable":true,"href":"https:\/\/iesalhama.educacion.navarra.es\/web1\/wp-json\/wp\/v2\/comments?post=330"}],"version-history":[{"count":0,"href":"https:\/\/iesalhama.educacion.navarra.es\/web1\/wp-json\/wp\/v2\/posts\/330\/revisions"}],"wp:featuredmedia":[{"embeddable":true,"href":"https:\/\/iesalhama.educacion.navarra.es\/web1\/wp-json\/wp\/v2\/media\/329"}],"wp:attachment":[{"href":"https:\/\/iesalhama.educacion.navarra.es\/web1\/wp-json\/wp\/v2\/media?parent=330"}],"wp:term":[{"taxonomy":"category","embeddable":true,"href":"https:\/\/iesalhama.educacion.navarra.es\/web1\/wp-json\/wp\/v2\/categories?post=330"},{"taxonomy":"post_tag","embeddable":true,"href":"https:\/\/iesalhama.educacion.navarra.es\/web1\/wp-json\/wp\/v2\/tags?post=330"}],"curies":[{"name":"wp","href":"https:\/\/api.w.org\/{rel}","templated":true}]}}