{"id":364,"date":"2014-07-08T08:02:04","date_gmt":"2014-07-08T06:02:04","guid":{"rendered":"https:\/\/iesalhama.educacion.navarra.es\/web1\/blog\/2014\/07\/08\/el-ies-alhama-en-el-erasmus\/"},"modified":"2014-07-08T08:02:04","modified_gmt":"2014-07-08T06:02:04","slug":"el-ies-alhama-en-el-erasmus","status":"publish","type":"post","link":"https:\/\/iesalhama.educacion.navarra.es\/web1\/el-ies-alhama-en-el-erasmus\/","title":{"rendered":"* El IES Alhama en el ERASMUS +"},"content":{"rendered":"\n<p style=\"text-align: center;\" dir=\"ltr\" align=\"center\"><strong style=\"font-size: 12px; line-height: 1.5;\"><span style=\"font-family: 'Arial','sans-serif';\">&nbsp;<\/span><\/strong><\/p>\n<p style=\"text-align: center;\" dir=\"ltr\" align=\"center\"><strong style=\"font-size: 12px; line-height: 1.5;\"><span style=\"font-family: 'Arial','sans-serif';\">&nbsp;<\/span><\/strong><strong style=\"font-size: 12px; line-height: 1.5;\"><span style=\"font-family: 'Arial','sans-serif';\">IES Ahama en el ERASMUS +<\/span><\/strong><\/p>\n<p style=\"text-align: justify;\"><span style=\"font-family: 'Arial','sans-serif';\">El instituto IES Alhama de Corella ha sido seleccionado para participar en el proyecto europeo ERASMUS +, para el curso 2014-2015, financiado por el Parlamento Europeo.<\/span><\/p>\n<p style=\"text-align: justify;\"><span style=\"font-family: 'Arial','sans-serif';\">Este nuevo programa se centra en el aprendizaje formal e informal m\u00e1s all\u00e1 de las fronteras de la UE, con una clara vocaci\u00f3n de internacionalizaci\u00f3n y con el objetivo de mejorar las capacidades educativas y formativas de las personas.<\/span><\/p>\n<p style=\"text-align: justify;\"><span style=\"font-family: 'Arial','sans-serif';\">Un grupo de 11 profesores\/as de este centro, pertenecientes a diferentes departamentos did\u00e1cticos, viajar\u00e1 este verano a otros pa\u00edses para participar en Proyectos de Movilidad de Personal tambi\u00e9n denominados KA101. Y todo esto, despu\u00e9s de que nuestro proyecto \u201cConectados con Europa\u201d haya sido uno de los seleccionados.<\/span><\/p>\n","protected":false},"excerpt":{"rendered":"<p>&nbsp; &nbsp;IES Ahama en el ERASMUS + El instituto IES Alhama de Corella ha sido seleccionado para participar en el proyecto europeo ERASMUS +, para el curso 2014-2015, financiado por el Parlamento Europeo. Este nuevo programa se centra en el aprendizaje formal e informal m\u00e1s all\u00e1 de las fronteras de la UE, con una clara [&hellip;]<\/p>\n","protected":false},"author":1,"featured_media":0,"comment_status":"open","ping_status":"open","sticky":false,"template":"","format":"standard","meta":{"_genesis_hide_title":false,"_genesis_hide_breadcrumbs":false,"_genesis_hide_singular_image":false,"_genesis_hide_footer_widgets":false,"_genesis_custom_body_class":"","_genesis_custom_post_class":"","_genesis_layout":""},"categories":[1],"tags":[],"_links":{"self":[{"href":"https:\/\/iesalhama.educacion.navarra.es\/web1\/wp-json\/wp\/v2\/posts\/364"}],"collection":[{"href":"https:\/\/iesalhama.educacion.navarra.es\/web1\/wp-json\/wp\/v2\/posts"}],"about":[{"href":"https:\/\/iesalhama.educacion.navarra.es\/web1\/wp-json\/wp\/v2\/types\/post"}],"author":[{"embeddable":true,"href":"https:\/\/iesalhama.educacion.navarra.es\/web1\/wp-json\/wp\/v2\/users\/1"}],"replies":[{"embeddable":true,"href":"https:\/\/iesalhama.educacion.navarra.es\/web1\/wp-json\/wp\/v2\/comments?post=364"}],"version-history":[{"count":0,"href":"https:\/\/iesalhama.educacion.navarra.es\/web1\/wp-json\/wp\/v2\/posts\/364\/revisions"}],"wp:attachment":[{"href":"https:\/\/iesalhama.educacion.navarra.es\/web1\/wp-json\/wp\/v2\/media?parent=364"}],"wp:term":[{"taxonomy":"category","embeddable":true,"href":"https:\/\/iesalhama.educacion.navarra.es\/web1\/wp-json\/wp\/v2\/categories?post=364"},{"taxonomy":"post_tag","embeddable":true,"href":"https:\/\/iesalhama.educacion.navarra.es\/web1\/wp-json\/wp\/v2\/tags?post=364"}],"curies":[{"name":"wp","href":"https:\/\/api.w.org\/{rel}","templated":true}]}}