{"id":368,"date":"2014-09-07T14:52:00","date_gmt":"2014-09-07T12:52:00","guid":{"rendered":"https:\/\/iesalhama.educacion.navarra.es\/web1\/blog\/2014\/09\/07\/exchange-with-slovakia\/"},"modified":"2014-09-07T14:52:00","modified_gmt":"2014-09-07T12:52:00","slug":"exchange-with-slovakia","status":"publish","type":"post","link":"https:\/\/iesalhama.educacion.navarra.es\/web1\/exchange-with-slovakia\/","title":{"rendered":"* Exchange with Slovakia!"},"content":{"rendered":"\n<p style=\"text-align: justify; text-indent: 35.4pt;\">Un grupo de 15 alumnos\/as de&nbsp;1\u00aa de BTO est\u00e1n&nbsp; desde el d\u00eda 4 de Septiembre participando en la visita a Bratislava ( Eslovaquia),&nbsp; dentro del programa de intercambio con el Instituto Biling\u00fce&nbsp; Federico Garc\u00eda Lorca de la capital eslovaca. Dicho intercambio &nbsp;se inici\u00f3 el curso pasado con la visita&nbsp; de 13&nbsp;<span style=\"font-size: 12px; line-height: 18.2399997711182px; text-align: justify; text-indent: 47.2000007629395px;\">alumnos\/as&nbsp;<\/span>eslovacos, acompa\u00f1ados por su profesora Jana&nbsp; Hrosova, en marzo al IES Alhama en Corella .<\/p>\n<p style=\"text-align: justify; text-indent: 35.4pt;\"><strong>&nbsp;<\/strong>Durante su estancia en Bratislava, los estudiantes navarros\/as tendr\u00e1n la&nbsp; oportunidad de convivir con familias eslovacas, aprendiendo acerca de la cultura y tradiciones del pa\u00eds de primera mano. Adem\u00e1s, realizar\u00e1n un amplio programa de actividades, que incluye tanto deporte, tradiciones y cultura, como visitas a &nbsp;Viena u otros lugares de inter\u00e9s, pr\u00f3ximos a la capital.<\/p>\n<p style=\"text-align: justify;\">El <span>intercambio concluir\u00e1 el pr\u00f3ximo viernes 12 de Septiembre. En esta ocasi\u00f3n,&nbsp; regresar\u00e1n16 alumnos\/as a Espa\u00f1a, ya que un estudiante eslovaco ha decidido cursar el bachillerato en nuestro centro.<\/span><\/p>\n<p style=\"text-align: justify;\">&nbsp;<\/p>\n<p style=\"text-align: center;\"><span><img loading=\"lazy\" class=\" size-full wp-image-367\" src=\"https:\/\/iesalhama.educacion.navarra.es\/web1\/wp-content\/uploads\/2014\/09\/Bratislava.jpg\" alt=\"Bratislava\" width=\"600\" height=\"473\" srcset=\"https:\/\/iesalhama.educacion.navarra.es\/web1\/wp-content\/uploads\/2014\/09\/Bratislava.jpg 600w, https:\/\/iesalhama.educacion.navarra.es\/web1\/wp-content\/uploads\/2014\/09\/Bratislava-300x237.jpg 300w\" sizes=\"(max-width: 600px) 100vw, 600px\" \/><\/span><\/p>\n","protected":false},"excerpt":{"rendered":"<p>Un grupo de 15 alumnos\/as de&nbsp;1\u00aa de BTO est\u00e1n&nbsp; desde el d\u00eda 4 de Septiembre participando en la visita a Bratislava ( Eslovaquia),&nbsp; dentro del programa de intercambio con el Instituto Biling\u00fce&nbsp; Federico Garc\u00eda Lorca de la capital eslovaca. Dicho intercambio &nbsp;se inici\u00f3 el curso pasado con la visita&nbsp; de 13&nbsp;alumnos\/as&nbsp;eslovacos, acompa\u00f1ados por su profesora [&hellip;]<\/p>\n","protected":false},"author":1,"featured_media":367,"comment_status":"open","ping_status":"open","sticky":false,"template":"","format":"standard","meta":{"_genesis_hide_title":false,"_genesis_hide_breadcrumbs":false,"_genesis_hide_singular_image":false,"_genesis_hide_footer_widgets":false,"_genesis_custom_body_class":"","_genesis_custom_post_class":"","_genesis_layout":""},"categories":[1],"tags":[],"_links":{"self":[{"href":"https:\/\/iesalhama.educacion.navarra.es\/web1\/wp-json\/wp\/v2\/posts\/368"}],"collection":[{"href":"https:\/\/iesalhama.educacion.navarra.es\/web1\/wp-json\/wp\/v2\/posts"}],"about":[{"href":"https:\/\/iesalhama.educacion.navarra.es\/web1\/wp-json\/wp\/v2\/types\/post"}],"author":[{"embeddable":true,"href":"https:\/\/iesalhama.educacion.navarra.es\/web1\/wp-json\/wp\/v2\/users\/1"}],"replies":[{"embeddable":true,"href":"https:\/\/iesalhama.educacion.navarra.es\/web1\/wp-json\/wp\/v2\/comments?post=368"}],"version-history":[{"count":0,"href":"https:\/\/iesalhama.educacion.navarra.es\/web1\/wp-json\/wp\/v2\/posts\/368\/revisions"}],"wp:featuredmedia":[{"embeddable":true,"href":"https:\/\/iesalhama.educacion.navarra.es\/web1\/wp-json\/wp\/v2\/media\/367"}],"wp:attachment":[{"href":"https:\/\/iesalhama.educacion.navarra.es\/web1\/wp-json\/wp\/v2\/media?parent=368"}],"wp:term":[{"taxonomy":"category","embeddable":true,"href":"https:\/\/iesalhama.educacion.navarra.es\/web1\/wp-json\/wp\/v2\/categories?post=368"},{"taxonomy":"post_tag","embeddable":true,"href":"https:\/\/iesalhama.educacion.navarra.es\/web1\/wp-json\/wp\/v2\/tags?post=368"}],"curies":[{"name":"wp","href":"https:\/\/api.w.org\/{rel}","templated":true}]}}