{"id":375,"date":"2014-10-13T17:13:34","date_gmt":"2014-10-13T15:13:34","guid":{"rendered":"https:\/\/iesalhama.educacion.navarra.es\/web1\/blog\/2014\/10\/13\/encuentronacionalerasmus\/"},"modified":"2014-10-13T17:13:34","modified_gmt":"2014-10-13T15:13:34","slug":"encuentronacionalerasmus","status":"publish","type":"post","link":"https:\/\/iesalhama.educacion.navarra.es\/web1\/encuentronacionalerasmus\/","title":{"rendered":"* Erasmus+: I Encuentro Nacional de Movilidad"},"content":{"rendered":"\n<p style=\"text-align: center;\"><span style=\"font-size: 12pt;\">&nbsp;<\/span><\/p>\n<p style=\"text-align: center;\"><span style=\"font-size: 12pt;\"><strong>La directora del IES Alhama en el I Encuentro Nacional de Movilidad para el aprendizaje, Erasmus+<\/strong><\/span><\/p>\n<ol style=\"text-align: justify;\">\n<li style=\"text-align: justify;\"><span style=\"font-size: 10pt; text-align: justify; color: #000000; line-height: 1.5; font-family: 'trebuchet ms', geneva;\">Este pasado mi\u00e9rcoles, 8 de octubre, la directora del IES Alhama asiste al I Encuentro Nacional de Movilidad para el aprendizaje (Acci\u00f3n KA01 y KA04), Erasmus+, en Madrid.&nbsp;<\/span><\/li>\n<li style=\"text-align: justify;\"><span style=\"font-size: 10pt; color: #000000; line-height: 1.5; font-family: 'trebuchet ms', geneva;\">Cristina Conde participa en este encuentro junto con otros 194 representantes de Centro de Espa\u00f1a. Y es que el IES Alhama ha sido uno de los centros seleccionados para recibir una subvenci\u00f3n de la Uni\u00f3n Europea y que once de sus profesores puedan participar de movilidad para el aprendizaje.<\/span><\/li>\n<li style=\"text-align: justify;\"><span style=\"font-size: 10pt; color: #000000; line-height: 1.5; font-family: 'trebuchet ms', geneva;\">En este encuentro se inform\u00f3 de que se hab\u00edan recibido m\u00e1s de 900 solicitudes en toda Espa\u00f1a y que 194 han sido los seleccionados. En nuestra Comunidad Foral de Navarra han sido seleccionados 7 centros y es el IES Alhama uno de ellos.<\/span><\/li>\n<li style=\"text-align: justify;\"><span style=\"font-size: 10pt; color: #000000; line-height: 1.5; font-family: 'trebuchet ms', geneva;\">A partir de ahora en nuestra web se ir\u00e1 informando de las movilidades de los once profesores que han participado.<\/span><span style=\"font-size: 10pt; color: #000000; line-height: 1.5; font-family: 'trebuchet ms', geneva;\">&nbsp; &nbsp; &nbsp; &nbsp;<\/span><\/li>\n<li style=\"text-align: justify;\"><span style=\"font-size: 10pt; color: #000000; line-height: 1.5; font-family: 'trebuchet ms', geneva;\">&nbsp;<\/span><\/li>\n<\/ol>\n<p><span style=\"font-size: 10pt; color: #000000; line-height: 1.5; font-family: 'trebuchet ms', geneva;\"><img loading=\"lazy\" class=\" size-full wp-image-373\" style=\"margin: 4px auto; border: 1px solid #000000; vertical-align: middle; display: block;\" src=\"https:\/\/iesalhama.educacion.navarra.es\/web1\/wp-content\/uploads\/2014\/10\/20141008_155828con%20una%20compaera%20de%20Toledo.jpg\" alt=\"20141008 155828con una compaera de Toledo\" width=\"149\" height=\"261\" \/><\/span><\/p>\n<ol style=\"text-align: justify;\">\n<li><span style=\"font-size: 12pt; color: #000000; line-height: 1.5;\">&nbsp;<\/span><span style=\"font-size: 12.222222328186px; text-align: left; color: #000000; line-height: 1.5;\">&nbsp; &nbsp; &nbsp; &nbsp; &nbsp; &nbsp; &nbsp; &nbsp; &nbsp; &nbsp; &nbsp; &nbsp; &nbsp;&nbsp;<\/span><span style=\"font-size: 12.222222328186px; color: #000000; line-height: 1.5; text-align: center;\">&nbsp;<img loading=\"lazy\" class=\" size-full wp-image-374\" style=\"margin: 4px auto; border: 1px solid #000000; display: block;\" src=\"https:\/\/iesalhama.educacion.navarra.es\/web1\/wp-content\/uploads\/2014\/10\/Con%20Benito%20e%20Ignacio%20de%20Murcia%20y%20Ciudad%20Real.jpg\" alt=\"Con Benito e Ignacio de Murcia y Ciudad Real\" width=\"154\" height=\"266\" \/><\/span><\/li>\n<\/ol>\n<p style=\"text-align: left; margin-left: 90px;\"><span style=\"font-size: 12.222222328186px; color: #000000; line-height: 1.5; text-align: center;\">&nbsp;<\/span><\/p>\n","protected":false},"excerpt":{"rendered":"<p>&nbsp; La directora del IES Alhama en el I Encuentro Nacional de Movilidad para el aprendizaje, Erasmus+ Este pasado mi\u00e9rcoles, 8 de octubre, la directora del IES Alhama asiste al I Encuentro Nacional de Movilidad para el aprendizaje (Acci\u00f3n KA01 y KA04), Erasmus+, en Madrid.&nbsp; Cristina Conde participa en este encuentro junto con otros 194 [&hellip;]<\/p>\n","protected":false},"author":1,"featured_media":373,"comment_status":"open","ping_status":"open","sticky":false,"template":"","format":"standard","meta":{"_genesis_hide_title":false,"_genesis_hide_breadcrumbs":false,"_genesis_hide_singular_image":false,"_genesis_hide_footer_widgets":false,"_genesis_custom_body_class":"","_genesis_custom_post_class":"","_genesis_layout":""},"categories":[1],"tags":[],"_links":{"self":[{"href":"https:\/\/iesalhama.educacion.navarra.es\/web1\/wp-json\/wp\/v2\/posts\/375"}],"collection":[{"href":"https:\/\/iesalhama.educacion.navarra.es\/web1\/wp-json\/wp\/v2\/posts"}],"about":[{"href":"https:\/\/iesalhama.educacion.navarra.es\/web1\/wp-json\/wp\/v2\/types\/post"}],"author":[{"embeddable":true,"href":"https:\/\/iesalhama.educacion.navarra.es\/web1\/wp-json\/wp\/v2\/users\/1"}],"replies":[{"embeddable":true,"href":"https:\/\/iesalhama.educacion.navarra.es\/web1\/wp-json\/wp\/v2\/comments?post=375"}],"version-history":[{"count":0,"href":"https:\/\/iesalhama.educacion.navarra.es\/web1\/wp-json\/wp\/v2\/posts\/375\/revisions"}],"wp:featuredmedia":[{"embeddable":true,"href":"https:\/\/iesalhama.educacion.navarra.es\/web1\/wp-json\/wp\/v2\/media\/373"}],"wp:attachment":[{"href":"https:\/\/iesalhama.educacion.navarra.es\/web1\/wp-json\/wp\/v2\/media?parent=375"}],"wp:term":[{"taxonomy":"category","embeddable":true,"href":"https:\/\/iesalhama.educacion.navarra.es\/web1\/wp-json\/wp\/v2\/categories?post=375"},{"taxonomy":"post_tag","embeddable":true,"href":"https:\/\/iesalhama.educacion.navarra.es\/web1\/wp-json\/wp\/v2\/tags?post=375"}],"curies":[{"name":"wp","href":"https:\/\/api.w.org\/{rel}","templated":true}]}}