{"id":380,"date":"2014-10-23T18:24:02","date_gmt":"2014-10-23T16:24:02","guid":{"rendered":"https:\/\/iesalhama.educacion.navarra.es\/web1\/blog\/2014\/10\/23\/sandra-martinez-de-2-a-con-el-rey\/"},"modified":"2014-10-23T18:24:02","modified_gmt":"2014-10-23T16:24:02","slug":"sandra-martinez-de-2-a-con-el-rey","status":"publish","type":"post","link":"https:\/\/iesalhama.educacion.navarra.es\/web1\/sandra-martinez-de-2-a-con-el-rey\/","title":{"rendered":"* Sandra Mart\u00ednez de 2\u00ba A con el Rey"},"content":{"rendered":"\n<p>&nbsp;&nbsp;<\/p>\n<p style=\"text-align: justify; margin-left: 30px;\"><span style=\"font-family: arial, helvetica, sans-serif; font-size: 12pt;\">La alumna Sandra Mart\u00ednez, de 2\u00ba ESO A,&nbsp; con su trabajo \u201cMatrioska rusa\u201d, ha resultado ganadora, en la Comunidad Aut\u00f3noma de Navarra, del concurso \u201cQu\u00e9 es un rey para ti\u201d que se realiz\u00f3 durante el curso 12-13, cuando estudiaba 6\u00ba de EP en el CP de Fitero.&nbsp;<\/span><\/p>\n<p style=\"text-align: justify; margin-left: 30px;\"><span style=\"font-size: 12pt;\">&nbsp;<\/span><\/p>\n<p style=\"text-align: justify; margin-left: 30px;\"><span style=\"font-size: 12pt;\"><span style=\"font-family: arial, helvetica, sans-serif;\">Por este motivo va a viajar a Madrid, &nbsp;acompa\u00f1ada por su profesora Sandra de Fitero, los d\u00edas 26 y 27 de octubre, junto con los agraciados del resto de comunidades, &nbsp;donde tendr\u00e1 &nbsp;una audiencia con el Rey Felipe VI.<\/span>&nbsp;<\/span><\/p>\n<p style=\"text-align: justify; margin-left: 30px;\"><span style=\"font-size: 12pt;\">&nbsp;<\/span><\/p>\n<p style=\"text-align: justify; margin-left: 30px;\"><span style=\"font-family: arial, helvetica, sans-serif; font-size: 12pt;\">Desde el IES Alhama deseamos que disfrute mucho de esta experiencia inolvidable.&nbsp;<\/span><\/p>\n<p style=\"text-align: justify; margin-left: 30px;\"><span style=\"font-size: 12pt;\">&nbsp;<\/span><\/p>\n<p style=\"text-align: justify; margin-left: 90px;\"><span style=\"font-family: arial, helvetica, sans-serif; font-size: 12pt;\">Si quer\u00e9is conocer el <a href=\"https:\/\/iesalhama.educacion.navarra.es\/web1\/wp-content\/uploads\/2014\/10\/calendario_PROFESORES_Y_ALUMNOS_2014_visita_rey.docx\"><span style=\"color: #ff0000;\">programa de actividades organizadas por el FIES<\/span><\/a> pincha aqu\u00ed.<\/span><\/p>\n<p style=\"text-align: justify; margin-left: 90px;\"><span style=\"font-size: 12pt; font-family: arial, helvetica, sans-serif; line-height: 1.5;\">Si quer\u00e9is ver el<a href=\"https:\/\/iesalhama.educacion.navarra.es\/web1\/wp-content\/uploads\/2014\/10\/matrioska_rusa.jpg\"> <span style=\"color: #ff0000;\">trabajo premiado<\/span><\/a> pincha aqu\u00ed.<\/span><\/p>\n<p style=\"text-align: justify; margin-left: 90px;\"><span style=\"font-size: 12pt; font-family: arial, helvetica, sans-serif; line-height: 1.5;\">Si quer\u00e9is leer la <a href=\"https:\/\/iesalhama.educacion.navarra.es\/web1\/wp-content\/uploads\/2014\/10\/noticia_sandra.jpg\"><span style=\"color: #ff0000;\">noticia de prensa<\/span><\/a> que se public\u00f3 cuando gan\u00f3 el concurso, pincha aqu\u00ed.<\/span><\/p>\n<p style=\"text-align: justify; margin-left: 90px;\"><span style=\"font-size: 12pt; font-family: arial, helvetica, sans-serif; line-height: 1.5;\">Si quer\u00e9is saber qui\u00e9n es &nbsp;la <span style=\"color: #ff0000;\"><a href=\"https:\/\/iesalhama.educacion.navarra.es\/web1\/wp-content\/uploads\/2014\/10\/Sandra_Mart%C3%ADnez.jpg\"><span style=\"color: #ff0000;\">alumna ganadora<\/span><\/a><\/span><span style=\"color: #ff0000;\">&nbsp;<a href=\"https:\/\/iesalhama.educacion.navarra.es\/web1\/wp-content\/uploads\/2014\/10\/Sandra_Mart%C3%ADnez.jpg\">&nbsp;<\/a><\/span>en la actualidad pincha aqu\u00ed.<\/span><\/p>\n<p style=\"text-align: justify; margin-left: 30px;\"><span style=\"font-family: arial, helvetica, sans-serif; font-size: 12pt;\">&nbsp;<\/span><\/p>\n","protected":false},"excerpt":{"rendered":"<p>&nbsp;&nbsp; La alumna Sandra Mart\u00ednez, de 2\u00ba ESO A,&nbsp; con su trabajo \u201cMatrioska rusa\u201d, ha resultado ganadora, en la Comunidad Aut\u00f3noma de Navarra, del concurso \u201cQu\u00e9 es un rey para ti\u201d que se realiz\u00f3 durante el curso 12-13, cuando estudiaba 6\u00ba de EP en el CP de Fitero.&nbsp; &nbsp; Por este motivo va a viajar [&hellip;]<\/p>\n","protected":false},"author":1,"featured_media":0,"comment_status":"open","ping_status":"open","sticky":false,"template":"","format":"standard","meta":{"_genesis_hide_title":false,"_genesis_hide_breadcrumbs":false,"_genesis_hide_singular_image":false,"_genesis_hide_footer_widgets":false,"_genesis_custom_body_class":"","_genesis_custom_post_class":"","_genesis_layout":""},"categories":[1],"tags":[],"_links":{"self":[{"href":"https:\/\/iesalhama.educacion.navarra.es\/web1\/wp-json\/wp\/v2\/posts\/380"}],"collection":[{"href":"https:\/\/iesalhama.educacion.navarra.es\/web1\/wp-json\/wp\/v2\/posts"}],"about":[{"href":"https:\/\/iesalhama.educacion.navarra.es\/web1\/wp-json\/wp\/v2\/types\/post"}],"author":[{"embeddable":true,"href":"https:\/\/iesalhama.educacion.navarra.es\/web1\/wp-json\/wp\/v2\/users\/1"}],"replies":[{"embeddable":true,"href":"https:\/\/iesalhama.educacion.navarra.es\/web1\/wp-json\/wp\/v2\/comments?post=380"}],"version-history":[{"count":0,"href":"https:\/\/iesalhama.educacion.navarra.es\/web1\/wp-json\/wp\/v2\/posts\/380\/revisions"}],"wp:attachment":[{"href":"https:\/\/iesalhama.educacion.navarra.es\/web1\/wp-json\/wp\/v2\/media?parent=380"}],"wp:term":[{"taxonomy":"category","embeddable":true,"href":"https:\/\/iesalhama.educacion.navarra.es\/web1\/wp-json\/wp\/v2\/categories?post=380"},{"taxonomy":"post_tag","embeddable":true,"href":"https:\/\/iesalhama.educacion.navarra.es\/web1\/wp-json\/wp\/v2\/tags?post=380"}],"curies":[{"name":"wp","href":"https:\/\/api.w.org\/{rel}","templated":true}]}}