{"id":385,"date":"2014-10-29T22:42:40","date_gmt":"2014-10-29T21:42:40","guid":{"rendered":"https:\/\/iesalhama.educacion.navarra.es\/web1\/blog\/2014\/10\/29\/encuentro-comenius-en-polonia\/"},"modified":"2014-10-29T22:42:40","modified_gmt":"2014-10-29T21:42:40","slug":"encuentro-comenius-en-polonia","status":"publish","type":"post","link":"https:\/\/iesalhama.educacion.navarra.es\/web1\/encuentro-comenius-en-polonia\/","title":{"rendered":"* Encuentro Comenius en Polonia"},"content":{"rendered":"\n<p style=\"text-align: left;\"><span style=\"font-size: 11pt;\">Alumnos y profesores del IES Alhama de Corella asistieron al encuentro&nbsp; del Proyecto&nbsp; Comenius \u201cA Greener World\u201d que tuvo lugar en el Zesp\u00f3l Szkol Ponadgimnazjalnych de Wodzis\u0142aw \u015al\u0105ski &nbsp;en Polonia, durante los d\u00edas 14 al 18 de Octubre.<\/span><\/p>\n<p style=\"text-align: left;\">&nbsp;<span style=\"font-size: 11pt;\">Durante su estancia en la ciudad polaca, 6 alumnos y 3 profesores del instituto navarro tuvieron oportunidad de compartir experiencias con alumnos y profesores de los 6 pa\u00edses que toman parte en dicho proyecto: Turqu\u00eda, Francia, Portugal, Eslovaquia, Italia y, el pa\u00eds anfitri\u00f3n en est\u00e1 ocasi\u00f3n, Polonia.<\/span><\/p>\n<p style=\"text-indent: 35.4pt;\"><span style=\"font-size: 11pt;\">&nbsp;<\/span><\/p>\n<p style=\"text-indent: 35.4pt;\"><span style=\"font-size: 11pt;\"><img loading=\"lazy\" class=\" size-full wp-image-382\" style=\"display: block; margin-left: auto; margin-right: auto;\" src=\"https:\/\/iesalhama.educacion.navarra.es\/web1\/wp-content\/uploads\/2014\/10\/grupo_polonia.jpg\" alt=\"grupo polonia\" width=\"500\" height=\"429\" srcset=\"https:\/\/iesalhama.educacion.navarra.es\/web1\/wp-content\/uploads\/2014\/10\/grupo_polonia.jpg 500w, https:\/\/iesalhama.educacion.navarra.es\/web1\/wp-content\/uploads\/2014\/10\/grupo_polonia-300x257.jpg 300w\" sizes=\"(max-width: 500px) 100vw, 500px\" \/>&nbsp;<\/span><span style=\"color: #800000;\"><span style=\"font-size: 11pt;\">&nbsp;<\/span><span style=\"font-size: 11pt;\">Profesores y alumnos delante del instituto polaco donde tuvo lugar el encuentro internacional.<\/span><\/span><\/p>\n<p style=\"text-indent: 35.4pt;\"><span style=\"font-size: 11pt;\">&nbsp;<\/span><\/p>\n<p style=\"text-indent: 35.4pt; text-align: left;\"><span style=\"font-size: 11pt;\">&nbsp;<\/span><span style=\"font-size: 11pt;\">A lo largo de &nbsp;tres d\u00edas, participaron en numerosas actividades relacionadas con el proyecto,&nbsp; que incluyeron visitas a una planta de reciclaje en Cracovia, una central t\u00e9rmica en Rybnik o talleres sobre F\u00edsica o reciclaje&nbsp; en el Instituto de Secundaria Zesp\u00f3l Szkol. Ponadgimnazjalnych. Adem\u00e1s, pudieron aprender sobre los&nbsp; sistemas educativos de los distintos pa\u00edses participantes, intercambiando opiniones y experiencias&nbsp; con los alumnos.<\/span><\/p>\n<p>&nbsp;<img loading=\"lazy\" class=\" size-full wp-image-383\" style=\"display: block; margin-left: auto; margin-right: auto;\" src=\"https:\/\/iesalhama.educacion.navarra.es\/web1\/wp-content\/uploads\/2014\/10\/chicas_Polonia.jpg\" alt=\"chicas Polonia\" width=\"500\" height=\"372\" srcset=\"https:\/\/iesalhama.educacion.navarra.es\/web1\/wp-content\/uploads\/2014\/10\/chicas_Polonia.jpg 500w, https:\/\/iesalhama.educacion.navarra.es\/web1\/wp-content\/uploads\/2014\/10\/chicas_Polonia-300x223.jpg 300w\" sizes=\"(max-width: 500px) 100vw, 500px\" \/><\/p>\n<p style=\"text-align: center;\"><span style=\"color: #800000;\">&nbsp;<span style=\"font-size: 11pt;\">Alumnas corellanas aprendiendo polaco con ayuda de una alumna participante en el proyecto.<\/span><\/span><\/p>\n<p style=\"margin: 0cm 65.2pt 0.0001pt 72pt; text-indent: -9pt;\"><span style=\"font-size: 11pt;\">&nbsp;<\/span><\/p>\n<p style=\"text-align: left;\"><span style=\"font-size: 11pt;\">Como complemento a las actividades relacionadas con el proyecto, tambi\u00e9n visitaron la bonita&nbsp; ciudad&nbsp; de Cracovia, participando en un gymkana organizada para que ellos pudiesen visitarla de una manera m\u00e1s amena. La visita a la mina de sal de Wieliczka fue as\u00ed mismo, valorada muy positivamente por el alumnado y los profesores.<\/span><\/p>\n<p><span style=\"font-size: 11pt;\"><img loading=\"lazy\" class=\" size-full wp-image-384\" style=\"display: block; margin-left: auto; margin-right: auto;\" src=\"https:\/\/iesalhama.educacion.navarra.es\/web1\/wp-content\/uploads\/2014\/10\/grupo_polonia_parque.jpg\" alt=\"grupo polonia parque\" width=\"500\" height=\"365\" srcset=\"https:\/\/iesalhama.educacion.navarra.es\/web1\/wp-content\/uploads\/2014\/10\/grupo_polonia_parque.jpg 500w, https:\/\/iesalhama.educacion.navarra.es\/web1\/wp-content\/uploads\/2014\/10\/grupo_polonia_parque-300x219.jpg 300w\" sizes=\"(max-width: 500px) 100vw, 500px\" \/><\/span><\/p>\n<p style=\"text-align: center;\"><span style=\"font-size: 11pt; text-indent: -9pt; line-height: 1.5; color: #800000;\">Alumnos y profesores del IES Alhama momentos antes de entrar en la mina de sal de Wieliczka<\/span><\/p>\n<p style=\"margin: 0cm 65.2pt 0.0001pt 72pt; text-indent: -9pt; text-align: center;\">&nbsp;<\/p>\n<p style=\"margin: 0cm 65.2pt 0.0001pt 72pt; text-indent: -9pt; text-align: left;\"><span style=\"font-size: 11pt;\"><span style=\"font-size: 11pt; font-family: 'Times New Roman';\">Durante el presente curso, el IES Alhama continuar\u00e1 llevando a cabo el proyecto, iniciado el curso pasado&nbsp; \u201cA Greener World\u201d. Los pr\u00f3ximos encuentros tendr\u00e1n lugar en Novaky (Eslovaquia), Rennes (Francia) y Lisboa (Portugal).<\/span><br \/><\/span><\/p>\n<p style=\"text-align: justify;\"><i>&nbsp;<\/i><\/p>\n","protected":false},"excerpt":{"rendered":"<p>Alumnos y profesores del IES Alhama de Corella asistieron al encuentro&nbsp; del Proyecto&nbsp; Comenius \u201cA Greener World\u201d que tuvo lugar en el Zesp\u00f3l Szkol Ponadgimnazjalnych de Wodzis\u0142aw \u015al\u0105ski &nbsp;en Polonia, durante los d\u00edas 14 al 18 de Octubre. &nbsp;Durante su estancia en la ciudad polaca, 6 alumnos y 3 profesores del instituto navarro tuvieron oportunidad [&hellip;]<\/p>\n","protected":false},"author":1,"featured_media":382,"comment_status":"open","ping_status":"open","sticky":false,"template":"","format":"standard","meta":{"_genesis_hide_title":false,"_genesis_hide_breadcrumbs":false,"_genesis_hide_singular_image":false,"_genesis_hide_footer_widgets":false,"_genesis_custom_body_class":"","_genesis_custom_post_class":"","_genesis_layout":""},"categories":[1],"tags":[],"_links":{"self":[{"href":"https:\/\/iesalhama.educacion.navarra.es\/web1\/wp-json\/wp\/v2\/posts\/385"}],"collection":[{"href":"https:\/\/iesalhama.educacion.navarra.es\/web1\/wp-json\/wp\/v2\/posts"}],"about":[{"href":"https:\/\/iesalhama.educacion.navarra.es\/web1\/wp-json\/wp\/v2\/types\/post"}],"author":[{"embeddable":true,"href":"https:\/\/iesalhama.educacion.navarra.es\/web1\/wp-json\/wp\/v2\/users\/1"}],"replies":[{"embeddable":true,"href":"https:\/\/iesalhama.educacion.navarra.es\/web1\/wp-json\/wp\/v2\/comments?post=385"}],"version-history":[{"count":0,"href":"https:\/\/iesalhama.educacion.navarra.es\/web1\/wp-json\/wp\/v2\/posts\/385\/revisions"}],"wp:featuredmedia":[{"embeddable":true,"href":"https:\/\/iesalhama.educacion.navarra.es\/web1\/wp-json\/wp\/v2\/media\/382"}],"wp:attachment":[{"href":"https:\/\/iesalhama.educacion.navarra.es\/web1\/wp-json\/wp\/v2\/media?parent=385"}],"wp:term":[{"taxonomy":"category","embeddable":true,"href":"https:\/\/iesalhama.educacion.navarra.es\/web1\/wp-json\/wp\/v2\/categories?post=385"},{"taxonomy":"post_tag","embeddable":true,"href":"https:\/\/iesalhama.educacion.navarra.es\/web1\/wp-json\/wp\/v2\/tags?post=385"}],"curies":[{"name":"wp","href":"https:\/\/api.w.org\/{rel}","templated":true}]}}