{"id":399,"date":"2014-11-18T09:13:49","date_gmt":"2014-11-18T08:13:49","guid":{"rendered":"https:\/\/iesalhama.educacion.navarra.es\/web1\/blog\/2014\/11\/18\/visitamartinnogales\/"},"modified":"2014-11-18T09:13:49","modified_gmt":"2014-11-18T08:13:49","slug":"visitamartinnogales","status":"publish","type":"post","link":"https:\/\/iesalhama.educacion.navarra.es\/web1\/visitamartinnogales\/","title":{"rendered":"* Visita de Jos\u00e9 Luis Mart\u00edn Nogales experto en literatura"},"content":{"rendered":"\n<p>&nbsp;<\/p>\n<p style=\"margin: 0cm 0cm 0.0001pt 29.35pt; text-align: justify; line-height: normal; background: none repeat scroll 0% 0% white;\"><span style=\"font-family: 'Arial','sans-serif'; color: #222222;\">&nbsp; &nbsp; &nbsp;&nbsp;<span style=\"font-size: 12pt;\"> El pasado 7 de noviembre nos visit\u00f3 Jos\u00e9 Luis Mart\u00edn Nogales. <\/span><\/span><\/p>\n<p style=\"margin: 0cm 0cm 0.0001pt 29.35pt; text-align: justify; line-height: normal; background: none repeat scroll 0% 0% white;\"><span style=\"font-family: 'Arial','sans-serif'; color: #222222; font-size: 12pt;\">&nbsp;<\/span><\/p>\n<p style=\"margin: 0cm 0cm 0.0001pt 59px; text-align: justify; line-height: normal; background: none repeat scroll 0% 0% white;\"><span style=\"font-family: 'Arial','sans-serif'; color: #222222; font-size: 12pt;\">Los alumnos de 3\u00ba C se hab\u00edan le\u00eddo previamente su libro <strong><i>EL FARO DE LOS ACANTILADOS<\/i><\/strong> y realizaron varios booktrailers. El encuentro result\u00f3 muy interesante y los alumnos se quedaron con ganas de estar m\u00e1s tiempo con el autor. (El libro est\u00e1 en la biblioteca del centro, por si alguien lo quiere leer.)<\/span><\/p>\n<p style=\"margin: 0cm 0cm 0.0001pt 59px; text-align: justify; line-height: normal; background: none repeat scroll 0% 0% white;\"><span style=\"font-family: 'Arial','sans-serif'; color: #222222;\">&nbsp;<\/span><\/p>\n<div style=\"border: 1pt solid windowtext; padding: 1pt 4pt; margin-left: 35.4pt; margin-right: 0cm;\">\n<p style=\"margin-bottom: 0.0001pt; text-align: justify; line-height: normal; padding-top: 0cm; padding-right: 0cm; padding-bottom: 0cm; margin-left: 30px;\"><span style=\"font-size: 10pt;\"><strong><span style=\"font-family: 'Arial','sans-serif'; color: #222222;\">Jos\u00e9 Luis Mart\u00edn Nogales<\/span><\/strong><span style=\"font-family: 'Arial','sans-serif'; color: #222222;\"> n<\/span><span style=\"font-family: 'Arial','sans-serif'; color: black; background: none repeat scroll 0% 0% white;\">aci\u00f3 en Burgos, Espa\u00f1a, en 1965. Es doctor en Filolog\u00eda, profesor de Literatura y director de la UNED en Pamplona.<\/span><\/span><\/p>\n<p style=\"margin-bottom: 0.0001pt; text-align: justify; line-height: normal; padding-top: 0cm; padding-right: 0cm; padding-bottom: 0cm; margin-left: 30px;\"><span style=\"font-family: 'Arial','sans-serif'; color: black; font-size: 10pt;\"><span style=\"background: none repeat scroll 0% 0% white;\">Es experto en literatura espa\u00f1ola contempor\u00e1nea, campo en el que ha publicado varios ensayos acad\u00e9micos, entre ellos<i>Cincuenta a\u00f1os de novela espa\u00f1ola<\/i>,<i>Los cuentos de Ignacio Aldecoa<\/i>, y la antolog\u00eda<i>El cuento espa\u00f1ol. 1975-1990<\/i>, que fue editada en espa\u00f1ol, ingl\u00e9s y alem\u00e1n.<\/span><\/span><\/p>\n<p style=\"margin-bottom: 0.0001pt; text-align: justify; line-height: normal; padding-top: 0cm; padding-right: 0cm; padding-bottom: 0cm; margin-left: 30px;\"><span style=\"font-family: 'Arial','sans-serif'; color: black; font-size: 10pt;\"><span style=\"background: none repeat scroll 0% 0% white;\">Su primera novela,<i>La mujer de Roma<\/i>(2008), fue publicada en Espa\u00f1a, M\u00e9xico e Italia. Ha publicado tambi\u00e9n<i>Herederos del para\u00edso<\/i>(2012) y<i>El faro de los acantilados<\/i>(2013)<\/span><\/span><\/p>\n<p style=\"margin-bottom: 0.0001pt; text-align: justify; line-height: normal; padding-top: 0cm; padding-right: 0cm; padding-bottom: 0cm; margin-left: 30px;\"><span style=\"font-family: 'Arial','sans-serif'; color: black; font-size: 10pt;\"><span style=\"background: none repeat scroll 0% 0% white;\">Actualmente es director de la revista Lucanor y dirige el premio Mario Vargas Llosa NH de Relatos.<\/span><\/span><\/p>\n<p style=\"margin-bottom: 0.0001pt; text-align: justify; line-height: normal; padding-top: 0cm; padding-right: 0cm; padding-bottom: 0cm; margin-left: 30px;\"><span style=\"font-size: 10pt;\"><span style=\"font-family: 'Arial','sans-serif'; color: black;\"><span style=\"background: none repeat scroll 0% 0% white;\">Sitio web oficial:<\/span><\/span><span style=\"font-family: 'Arial','sans-serif';\"><a href=\"http:\/\/jlmartinnogales.com\/file\/jlmn.html\" target=\"_blank\">&nbsp;<\/a><span style=\"color: #0000ff;\"><a href=\"http:\/\/jlmartinnogales.com\/file\/jlmn.html\"><span style=\"color: #0000ff;\">http:\/\/jlmartinnogales.com\/file\/jlmn.html<\/span><\/a><\/span><\/span><\/span><\/p>\n<\/p><\/div>\n<p style=\"margin: 0cm 0cm 0.0001pt 141.6pt; text-align: justify; line-height: normal;\"><strong><span style=\"font-size: 10pt; font-family: 'Verdana','sans-serif'; color: #333333; background: none repeat scroll 0% 0% white;\">&nbsp;<\/span><\/strong><\/p>\n<p style=\"margin: 0cm 0cm 0.0001pt 141.6pt; text-align: justify; line-height: normal;\"><span style=\"font-size: 8pt;\"><strong><span style=\"font-family: 'Verdana','sans-serif'; color: #333333; background: none repeat scroll 0% 0% white;\">Booktrailer. <\/span><\/strong><span style=\"font-family: 'Verdana','sans-serif'; color: #333333; background: none repeat scroll 0% 0% white;\">Similar a los trailers \u2013 v\u00eddeos cortos &#8211; cinematogr\u00e1ficos que promocionan pel\u00edculas o series de televisi\u00f3n. El booktrailer pone de manifiesto, a trav\u00e9s de m\u00fasica, im\u00e1genes fijas, secuencias grabadas, efectos, etc., los aspectos m\u00e1s atractivos del libro para captar la atenci\u00f3n de los lectores.<\/span><\/span><\/p>\n","protected":false},"excerpt":{"rendered":"<p>&nbsp; &nbsp; &nbsp; &nbsp;&nbsp; El pasado 7 de noviembre nos visit\u00f3 Jos\u00e9 Luis Mart\u00edn Nogales. &nbsp; Los alumnos de 3\u00ba C se hab\u00edan le\u00eddo previamente su libro EL FARO DE LOS ACANTILADOS y realizaron varios booktrailers. El encuentro result\u00f3 muy interesante y los alumnos se quedaron con ganas de estar m\u00e1s tiempo con el autor. [&hellip;]<\/p>\n","protected":false},"author":1,"featured_media":0,"comment_status":"open","ping_status":"open","sticky":false,"template":"","format":"standard","meta":{"_genesis_hide_title":false,"_genesis_hide_breadcrumbs":false,"_genesis_hide_singular_image":false,"_genesis_hide_footer_widgets":false,"_genesis_custom_body_class":"","_genesis_custom_post_class":"","_genesis_layout":""},"categories":[1],"tags":[],"_links":{"self":[{"href":"https:\/\/iesalhama.educacion.navarra.es\/web1\/wp-json\/wp\/v2\/posts\/399"}],"collection":[{"href":"https:\/\/iesalhama.educacion.navarra.es\/web1\/wp-json\/wp\/v2\/posts"}],"about":[{"href":"https:\/\/iesalhama.educacion.navarra.es\/web1\/wp-json\/wp\/v2\/types\/post"}],"author":[{"embeddable":true,"href":"https:\/\/iesalhama.educacion.navarra.es\/web1\/wp-json\/wp\/v2\/users\/1"}],"replies":[{"embeddable":true,"href":"https:\/\/iesalhama.educacion.navarra.es\/web1\/wp-json\/wp\/v2\/comments?post=399"}],"version-history":[{"count":0,"href":"https:\/\/iesalhama.educacion.navarra.es\/web1\/wp-json\/wp\/v2\/posts\/399\/revisions"}],"wp:attachment":[{"href":"https:\/\/iesalhama.educacion.navarra.es\/web1\/wp-json\/wp\/v2\/media?parent=399"}],"wp:term":[{"taxonomy":"category","embeddable":true,"href":"https:\/\/iesalhama.educacion.navarra.es\/web1\/wp-json\/wp\/v2\/categories?post=399"},{"taxonomy":"post_tag","embeddable":true,"href":"https:\/\/iesalhama.educacion.navarra.es\/web1\/wp-json\/wp\/v2\/tags?post=399"}],"curies":[{"name":"wp","href":"https:\/\/api.w.org\/{rel}","templated":true}]}}