{"id":402,"date":"2014-11-18T12:55:18","date_gmt":"2014-11-18T11:55:18","guid":{"rendered":"https:\/\/iesalhama.educacion.navarra.es\/web1\/blog\/2014\/11\/18\/2014elcuervo\/"},"modified":"2014-11-18T12:55:18","modified_gmt":"2014-11-18T11:55:18","slug":"2014elcuervo","status":"publish","type":"post","link":"https:\/\/iesalhama.educacion.navarra.es\/web1\/2014elcuervo\/","title":{"rendered":"* Alumnos de 1\u00ba de Bachillerato ganadores del festival de cortos de Cintru\u00e9nigo"},"content":{"rendered":"\n<p style=\"text-align: left;\" align=\"center\">&nbsp;<\/p>\n<p style=\"text-align: left;\" align=\"center\">&nbsp;<\/p>\n<p style=\"text-align: center;\" align=\"center\">&nbsp;<\/p>\n<p style=\"text-align: left;\" align=\"center\">&nbsp;<\/p>\n<p style=\"text-align: center;\" align=\"center\"><strong><span style=\"font-family: Calibri;\">&nbsp;<\/span><\/strong><\/p>\n<p style=\"text-align: center;\" align=\"center\"><strong><span style=\"font-family: Calibri;\">&nbsp;<\/span><\/strong><strong><span style=\"font-family: Calibri;\">Alumnado de 1\u00ba Bachillerato ganan el premio local Del Festival de Cortos<\/span><\/strong><\/p>\n<p style=\"text-align: center;\" align=\"center\"><strong><span style=\"font-family: Calibri;\">&nbsp;<\/span><\/strong><\/p>\n<p style=\"text-align: center;\" align=\"center\"><strong><span style=\"font-family: Calibri;\">&nbsp;<i>\u201cEl Cuervo\u201d<\/i> de Cintru\u00e9nigo\u201d<\/span><\/strong><\/p>\n<p style=\"text-align: center;\" align=\"center\"><strong><span style=\"font-family: Calibri;\"><img loading=\"lazy\" class=\" size-full wp-image-400\" src=\"https:\/\/iesalhama.educacion.navarra.es\/web1\/wp-content\/uploads\/2014\/11\/imagen_cuervo.JPG\" alt=\"imagen cuervo\" width=\"433\" height=\"284\" srcset=\"https:\/\/iesalhama.educacion.navarra.es\/web1\/wp-content\/uploads\/2014\/11\/imagen_cuervo.JPG 1104w, https:\/\/iesalhama.educacion.navarra.es\/web1\/wp-content\/uploads\/2014\/11\/imagen_cuervo-300x197.jpg 300w, https:\/\/iesalhama.educacion.navarra.es\/web1\/wp-content\/uploads\/2014\/11\/imagen_cuervo-768x504.jpg 768w, https:\/\/iesalhama.educacion.navarra.es\/web1\/wp-content\/uploads\/2014\/11\/imagen_cuervo-1024x672.jpg 1024w\" sizes=\"(max-width: 433px) 100vw, 433px\" \/><\/span><\/strong><\/p>\n<p style=\"text-align: center;\" align=\"center\"><strong><span style=\"font-family: Calibri;\">&nbsp;<\/span><\/strong><\/p>\n<p style=\"text-align: left;\"><span style=\"font-family: Calibri;\">&nbsp; &nbsp; El s\u00e1bado 1 de noviembre&nbsp; tuvo lugar en Cintru\u00e9nigo la proyecci\u00f3n de los distintos trabajos&nbsp; presentados al <span style=\"text-decoration: underline;\">I Festival de Cortometrajes<\/span> que se ha realizado en la localidad y que lleva por nombre <strong><i>\u201cEl Cuervo\u201d.<\/i> <\/strong><\/span><\/p>\n<p style=\"text-align: left;\"><span style=\"font-family: Calibri;\">&nbsp; &nbsp; Uno de estos cortometrajes fue realizado el curso pasado en el IESO La Paz de Cintru\u00e9nigo &nbsp;por alumnado que, en el presente curso, est\u00e1 matriculado en el IES Alhama de Corella. &nbsp;Su trabajo, titulado <strong>\u201c<i>Sorpresa Mortal II\u201d, <\/i><\/strong>&nbsp;fue galardonado con el premio local del mencionado festival y fue realizado, en todos sus aspectos, por los siguientes alumnos\/as de nuestro centro: <\/span><\/p>\n<p style=\"text-align: left;\"><span style=\"font-family: Calibri;\">1.- <strong>Leyre \u00c1lvarez<\/strong> en la producci\u00f3n.<\/span><\/p>\n<p style=\"text-align: left;\"><span style=\"font-family: Calibri;\">2.- <strong>In\u00e9s Garbayo y Ramiro Fern\u00e1ndez<\/strong> en la iluminaci\u00f3n y sonido.<\/span><\/p>\n<p style=\"text-align: left;\"><span style=\"font-family: Calibri;\">3.- En el reparto: <strong>Leire Alfaro<\/strong>, como protagonista, en el papel de Laura; &nbsp;<strong>Martina Jim\u00e9nez,<\/strong> como secundaria, &nbsp;en el papel de Marta y <strong>Alaitz Chivite,<\/strong> como secundario, en el papel de Javier.<\/span><\/p>\n<p style=\"text-align: left;\"><span style=\"font-family: Calibri;\">&nbsp; &nbsp; &nbsp; En los pr\u00f3ximos d\u00edas,&nbsp; los alumnos de Literatura Universal de 2\u00ba de Bachillerato har\u00e1n una entrevista a los premiados, entrevista que ser\u00e1 publicada en la web, en&nbsp; el blog <i>Alhama al cine<\/i>.&nbsp; Estad muy atentos a este blog.&nbsp; Seguro que la entrevista es de lo m\u00e1s interesante.<\/span><\/p>\n<p style=\"text-align: left;\"><span style=\"font-family: Calibri;\">Si quer\u00e9is leer la noticia de prensa que se public\u00f3 en relaci\u00f3n a este tema, <a href=\"https:\/\/iesalhama.educacion.navarra.es\/web1\/wp-content\/uploads\/2014\/11\/El_cuervo_festival_cine.pdf\" target=\"_blank\">pincha aqu\u00ed.<\/a><\/span><\/p>\n<p style=\"text-align: left;\"><span style=\"font-family: Calibri;\">&nbsp;<\/span><\/p>\n","protected":false},"excerpt":{"rendered":"<p>&nbsp; &nbsp; &nbsp; &nbsp; &nbsp; &nbsp;Alumnado de 1\u00ba Bachillerato ganan el premio local Del Festival de Cortos &nbsp; &nbsp;\u201cEl Cuervo\u201d de Cintru\u00e9nigo\u201d &nbsp; &nbsp; &nbsp; El s\u00e1bado 1 de noviembre&nbsp; tuvo lugar en Cintru\u00e9nigo la proyecci\u00f3n de los distintos trabajos&nbsp; presentados al I Festival de Cortometrajes que se ha realizado en la localidad y que [&hellip;]<\/p>\n","protected":false},"author":1,"featured_media":400,"comment_status":"open","ping_status":"open","sticky":false,"template":"","format":"standard","meta":{"_genesis_hide_title":false,"_genesis_hide_breadcrumbs":false,"_genesis_hide_singular_image":false,"_genesis_hide_footer_widgets":false,"_genesis_custom_body_class":"","_genesis_custom_post_class":"","_genesis_layout":""},"categories":[1],"tags":[],"_links":{"self":[{"href":"https:\/\/iesalhama.educacion.navarra.es\/web1\/wp-json\/wp\/v2\/posts\/402"}],"collection":[{"href":"https:\/\/iesalhama.educacion.navarra.es\/web1\/wp-json\/wp\/v2\/posts"}],"about":[{"href":"https:\/\/iesalhama.educacion.navarra.es\/web1\/wp-json\/wp\/v2\/types\/post"}],"author":[{"embeddable":true,"href":"https:\/\/iesalhama.educacion.navarra.es\/web1\/wp-json\/wp\/v2\/users\/1"}],"replies":[{"embeddable":true,"href":"https:\/\/iesalhama.educacion.navarra.es\/web1\/wp-json\/wp\/v2\/comments?post=402"}],"version-history":[{"count":0,"href":"https:\/\/iesalhama.educacion.navarra.es\/web1\/wp-json\/wp\/v2\/posts\/402\/revisions"}],"wp:featuredmedia":[{"embeddable":true,"href":"https:\/\/iesalhama.educacion.navarra.es\/web1\/wp-json\/wp\/v2\/media\/400"}],"wp:attachment":[{"href":"https:\/\/iesalhama.educacion.navarra.es\/web1\/wp-json\/wp\/v2\/media?parent=402"}],"wp:term":[{"taxonomy":"category","embeddable":true,"href":"https:\/\/iesalhama.educacion.navarra.es\/web1\/wp-json\/wp\/v2\/categories?post=402"},{"taxonomy":"post_tag","embeddable":true,"href":"https:\/\/iesalhama.educacion.navarra.es\/web1\/wp-json\/wp\/v2\/tags?post=402"}],"curies":[{"name":"wp","href":"https:\/\/api.w.org\/{rel}","templated":true}]}}