{"id":4073,"date":"2020-01-08T13:03:45","date_gmt":"2020-01-08T12:03:45","guid":{"rendered":"https:\/\/iesalhama.educacion.navarra.es\/web1\/?p=4073"},"modified":"2020-01-09T19:04:49","modified_gmt":"2020-01-09T18:04:49","slug":"proyecto-erasmus-y-yayacleta-en-la-1-de-rtve","status":"publish","type":"post","link":"https:\/\/iesalhama.educacion.navarra.es\/web1\/proyecto-erasmus-y-yayacleta-en-la-1-de-rtve\/","title":{"rendered":"Proyecto Erasmus y Yayacleta en la 1 de RTVE"},"content":{"rendered":"\n<p>El pasado 23 de diciembre en el telediario de la  1 sali\u00f3 el proyecto de la Yayacleta, que es parte de nuestro proyecto Erasmus.  <\/p>\n\n\n\n<p>Como pod\u00e9is ver en el v\u00eddeo  del proyecto, la Yayacleta ha tenido una muy buena acogida por nuestros abuelos y ha sorprendido a la audiencia.<\/p>\n\n\n\n<div class=\"wp-container-1 wp-block-group\"><div class=\"wp-block-group__inner-container\">\n<figure class=\"wp-block-embed-youtube wp-block-embed is-type-video is-provider-youtube wp-embed-aspect-16-9 wp-has-aspect-ratio\"><div class=\"wp-block-embed__wrapper\">\n<iframe loading=\"lazy\" title=\"La Yayacleta en TD1\" width=\"500\" height=\"281\" src=\"https:\/\/www.youtube.com\/embed\/gtlW_uleimI?feature=oembed\" frameborder=\"0\" allow=\"accelerometer; autoplay; encrypted-media; gyroscope; picture-in-picture\" allowfullscreen><\/iframe>\n<\/div><\/figure>\n<\/div><\/div>\n","protected":false},"excerpt":{"rendered":"<p>El pasado 23 de diciembre en el telediario de la 1 sali\u00f3 el proyecto de la Yayacleta, que es parte de nuestro proyecto Erasmus. Como pod\u00e9is ver en el v\u00eddeo del proyecto, la Yayacleta ha tenido una muy buena acogida por nuestros abuelos y ha sorprendido a la audiencia.<\/p>\n","protected":false},"author":4,"featured_media":0,"comment_status":"open","ping_status":"open","sticky":false,"template":"","format":"standard","meta":{"_genesis_hide_title":false,"_genesis_hide_breadcrumbs":false,"_genesis_hide_singular_image":false,"_genesis_hide_footer_widgets":false,"_genesis_custom_body_class":"","_genesis_custom_post_class":"","_genesis_layout":""},"categories":[85],"tags":[],"_links":{"self":[{"href":"https:\/\/iesalhama.educacion.navarra.es\/web1\/wp-json\/wp\/v2\/posts\/4073"}],"collection":[{"href":"https:\/\/iesalhama.educacion.navarra.es\/web1\/wp-json\/wp\/v2\/posts"}],"about":[{"href":"https:\/\/iesalhama.educacion.navarra.es\/web1\/wp-json\/wp\/v2\/types\/post"}],"author":[{"embeddable":true,"href":"https:\/\/iesalhama.educacion.navarra.es\/web1\/wp-json\/wp\/v2\/users\/4"}],"replies":[{"embeddable":true,"href":"https:\/\/iesalhama.educacion.navarra.es\/web1\/wp-json\/wp\/v2\/comments?post=4073"}],"version-history":[{"count":11,"href":"https:\/\/iesalhama.educacion.navarra.es\/web1\/wp-json\/wp\/v2\/posts\/4073\/revisions"}],"predecessor-version":[{"id":4087,"href":"https:\/\/iesalhama.educacion.navarra.es\/web1\/wp-json\/wp\/v2\/posts\/4073\/revisions\/4087"}],"wp:attachment":[{"href":"https:\/\/iesalhama.educacion.navarra.es\/web1\/wp-json\/wp\/v2\/media?parent=4073"}],"wp:term":[{"taxonomy":"category","embeddable":true,"href":"https:\/\/iesalhama.educacion.navarra.es\/web1\/wp-json\/wp\/v2\/categories?post=4073"},{"taxonomy":"post_tag","embeddable":true,"href":"https:\/\/iesalhama.educacion.navarra.es\/web1\/wp-json\/wp\/v2\/tags?post=4073"}],"curies":[{"name":"wp","href":"https:\/\/api.w.org\/{rel}","templated":true}]}}