{"id":412,"date":"2014-12-12T18:31:35","date_gmt":"2014-12-12T17:31:35","guid":{"rendered":"https:\/\/iesalhama.educacion.navarra.es\/web1\/blog\/2014\/12\/12\/encuentro-en-eslovaquia\/"},"modified":"2014-12-12T18:31:35","modified_gmt":"2014-12-12T17:31:35","slug":"encuentro-en-eslovaquia","status":"publish","type":"post","link":"https:\/\/iesalhama.educacion.navarra.es\/web1\/encuentro-en-eslovaquia\/","title":{"rendered":"* Encuentro Comenius en Eslovaquia"},"content":{"rendered":"\n<p style=\"margin: 0cm 0cm 0.0001pt; line-height: 12.45pt;\"><span style=\"font-size: 11pt; font-family: Arial; border: 1pt none windowtext; padding: 0cm;\">Alumnos y profesores del<span style=\"color: #800000;\"><strong> IES Alhama<\/strong><\/span> de Corella asistieron al encuentro del <strong><span style=\"color: #800000;\">Proyecto Comenius<\/span><\/strong> \u201cA Greener World\u201d que tuvo lugar en el instituto de la ciudad de Novaky,&nbsp;en <strong><span style=\"color: #800000;\">Eslovaquia<\/span><\/strong>, del 25 al 29 de noviembre.<\/span><span style=\"font-size: 9pt; font-family: Arial;\">&nbsp;<\/span><\/p>\n<p style=\"margin: 0cm 0cm 0.0001pt; line-height: 12.45pt;\"><span style=\"font-size: 11pt; font-family: Arial; border: 1pt none windowtext; padding: 0cm;\">Durante su estancia en la ciudad, 4 alumnos y 3 profesores del instituto navarro tuvieron oportunidad de <strong><span style=\"color: #800000;\">compartir experiencias<\/span><\/strong> con alumnos y profesores de los <strong><span style=\"color: #800000;\">6 pa\u00edses<\/span><\/strong> que toman parte en dicho proyecto: Turqu\u00eda, Francia, Portugal, Polonia, Italia y, el pa\u00eds anfitri\u00f3n en est\u00e1 ocasi\u00f3n, Eslovaquia.<\/span><span style=\"font-size: 9pt; font-family: Arial;\">&nbsp;<\/span><\/p>\n<p style=\"margin: 0cm 0cm 0.0001pt; line-height: 12.45pt;\"><span style=\"font-size: 9pt; font-family: Arial;\">&nbsp;<\/span><\/p>\n<p style=\"margin: 0cm 0cm 0.0001pt; line-height: 12.45pt;\"><span style=\"font-size: 9pt; font-family: Arial;\"><img loading=\"lazy\" class=\" size-full wp-image-408\" style=\"display: block; margin-left: auto; margin-right: auto;\" src=\"https:\/\/iesalhama.educacion.navarra.es\/web1\/wp-content\/uploads\/2014\/12\/P1150106.JPG\" alt=\"P1150106\" width=\"533\" height=\"400\" srcset=\"https:\/\/iesalhama.educacion.navarra.es\/web1\/wp-content\/uploads\/2014\/12\/P1150106.JPG 533w, https:\/\/iesalhama.educacion.navarra.es\/web1\/wp-content\/uploads\/2014\/12\/P1150106-300x225.jpg 300w\" sizes=\"(max-width: 533px) 100vw, 533px\" \/><\/span><\/p>\n<p style=\"margin: 0cm 0cm 0.0001pt; line-height: 12.45pt;\">&nbsp;<\/p>\n<p style=\"margin: 0cm 0cm 0.0001pt; line-height: 12.45pt; text-align: center;\"><span style=\"font-size: 12pt;\">Participando en diversos talleres&nbsp;<\/span><\/p>\n<p style=\"margin: 0cm 0cm 0.0001pt; line-height: 12.45pt;\"><span style=\"font-size: 11.8181819915771px; line-height: 12.45pt;\">&nbsp;<\/span><\/p>\n<p style=\"margin: 0cm 0cm 0.0001pt; line-height: 12.45pt;\"><img loading=\"lazy\" class=\" size-full wp-image-409\" style=\"display: block; margin-left: auto; margin-right: auto;\" src=\"https:\/\/iesalhama.educacion.navarra.es\/web1\/wp-content\/uploads\/2014\/12\/P1150061.JPG\" alt=\"P1150061\" width=\"533\" height=\"400\" srcset=\"https:\/\/iesalhama.educacion.navarra.es\/web1\/wp-content\/uploads\/2014\/12\/P1150061.JPG 533w, https:\/\/iesalhama.educacion.navarra.es\/web1\/wp-content\/uploads\/2014\/12\/P1150061-300x225.jpg 300w\" sizes=\"(max-width: 533px) 100vw, 533px\" \/><\/p>\n<p style=\"margin: 0cm 0cm 0.0001pt; line-height: 12.45pt;\">&nbsp;<\/p>\n<p style=\"margin: 0cm 0cm 0.0001pt; line-height: 12.45pt;\">&nbsp;<\/p>\n<p style=\"margin: 0cm 0cm 0.0001pt; line-height: 12.45pt;\"><img loading=\"lazy\" class=\" size-full wp-image-410\" style=\"margin-right: auto; margin-left: auto; font-size: 11.8181819915771px; line-height: 16.6000003814697px; display: block;\" src=\"https:\/\/iesalhama.educacion.navarra.es\/web1\/wp-content\/uploads\/2014\/12\/P1150444.JPG\" alt=\"P1150444\" width=\"533\" height=\"400\" srcset=\"https:\/\/iesalhama.educacion.navarra.es\/web1\/wp-content\/uploads\/2014\/12\/P1150444.JPG 533w, https:\/\/iesalhama.educacion.navarra.es\/web1\/wp-content\/uploads\/2014\/12\/P1150444-300x225.jpg 300w\" sizes=\"(max-width: 533px) 100vw, 533px\" \/><\/p>\n<p style=\"margin: 0cm 0cm 0.0001pt; line-height: 12.45pt;\">&nbsp;<\/p>\n<p style=\"margin: 0cm 0cm 0.0001pt; line-height: 12.45pt; text-align: center;\"><span style=\"font-size: 12pt;\">Fiesta de despedida<\/span><\/p>\n<p style=\"margin: 0cm 0cm 0.0001pt; line-height: 12.45pt;\">&nbsp;<\/p>\n<p style=\"margin: 0cm 0cm 0.0001pt; line-height: 12.45pt;\"><img loading=\"lazy\" class=\" size-full wp-image-411\" style=\"display: block; margin-left: auto; margin-right: auto;\" src=\"https:\/\/iesalhama.educacion.navarra.es\/web1\/wp-content\/uploads\/2014\/12\/P1150404.JPG\" alt=\"P1150404\" width=\"533\" height=\"400\" srcset=\"https:\/\/iesalhama.educacion.navarra.es\/web1\/wp-content\/uploads\/2014\/12\/P1150404.JPG 533w, https:\/\/iesalhama.educacion.navarra.es\/web1\/wp-content\/uploads\/2014\/12\/P1150404-300x225.jpg 300w\" sizes=\"(max-width: 533px) 100vw, 533px\" \/><\/p>\n","protected":false},"excerpt":{"rendered":"<p>Alumnos y profesores del IES Alhama de Corella asistieron al encuentro del Proyecto Comenius \u201cA Greener World\u201d que tuvo lugar en el instituto de la ciudad de Novaky,&nbsp;en Eslovaquia, del 25 al 29 de noviembre.&nbsp; Durante su estancia en la ciudad, 4 alumnos y 3 profesores del instituto navarro tuvieron oportunidad de compartir experiencias con [&hellip;]<\/p>\n","protected":false},"author":1,"featured_media":408,"comment_status":"open","ping_status":"open","sticky":false,"template":"","format":"standard","meta":{"_genesis_hide_title":false,"_genesis_hide_breadcrumbs":false,"_genesis_hide_singular_image":false,"_genesis_hide_footer_widgets":false,"_genesis_custom_body_class":"","_genesis_custom_post_class":"","_genesis_layout":""},"categories":[1],"tags":[],"_links":{"self":[{"href":"https:\/\/iesalhama.educacion.navarra.es\/web1\/wp-json\/wp\/v2\/posts\/412"}],"collection":[{"href":"https:\/\/iesalhama.educacion.navarra.es\/web1\/wp-json\/wp\/v2\/posts"}],"about":[{"href":"https:\/\/iesalhama.educacion.navarra.es\/web1\/wp-json\/wp\/v2\/types\/post"}],"author":[{"embeddable":true,"href":"https:\/\/iesalhama.educacion.navarra.es\/web1\/wp-json\/wp\/v2\/users\/1"}],"replies":[{"embeddable":true,"href":"https:\/\/iesalhama.educacion.navarra.es\/web1\/wp-json\/wp\/v2\/comments?post=412"}],"version-history":[{"count":0,"href":"https:\/\/iesalhama.educacion.navarra.es\/web1\/wp-json\/wp\/v2\/posts\/412\/revisions"}],"wp:featuredmedia":[{"embeddable":true,"href":"https:\/\/iesalhama.educacion.navarra.es\/web1\/wp-json\/wp\/v2\/media\/408"}],"wp:attachment":[{"href":"https:\/\/iesalhama.educacion.navarra.es\/web1\/wp-json\/wp\/v2\/media?parent=412"}],"wp:term":[{"taxonomy":"category","embeddable":true,"href":"https:\/\/iesalhama.educacion.navarra.es\/web1\/wp-json\/wp\/v2\/categories?post=412"},{"taxonomy":"post_tag","embeddable":true,"href":"https:\/\/iesalhama.educacion.navarra.es\/web1\/wp-json\/wp\/v2\/tags?post=412"}],"curies":[{"name":"wp","href":"https:\/\/api.w.org\/{rel}","templated":true}]}}