{"id":424,"date":"2014-12-18T10:03:56","date_gmt":"2014-12-18T09:03:56","guid":{"rendered":"https:\/\/iesalhama.educacion.navarra.es\/web1\/blog\/2014\/12\/18\/athena2014\/"},"modified":"2014-12-18T10:03:56","modified_gmt":"2014-12-18T09:03:56","slug":"athena2014","status":"publish","type":"post","link":"https:\/\/iesalhama.educacion.navarra.es\/web1\/athena2014\/","title":{"rendered":"* Los alumnos de 1\u00ba de bachillerato comparten experiencias con Atehna"},"content":{"rendered":"\n<p style=\"text-align: left;\">&nbsp;<\/p>\n<p style=\"text-align: left;\">&nbsp;<\/p>\n<p style=\"text-align: left;\"><span style=\"color: #222222; font-family: arial, sans-serif; font-size: 13px; line-height: normal;\">&nbsp;<\/span><\/p>\n<div style=\"color: #222222; font-family: arial, sans-serif; font-size: 13px; line-height: normal; text-align: start;\">Ayer 16 de diciembre, el alumnado de 1\u00ba de Bachillerato, asisti\u00f3 a una charla sobre la donaci\u00f3n de \u00f3rganos impartida por la asociaci\u00f3n ATEHNA (Asociaci\u00f3n de Trasplantados y Enfermos hep\u00e1ticos de Navarra). Adem\u00e1s de visionar un v\u00eddeo sobre el tema, pudieron compartir experiencias con personas que est\u00e1n vivas gracias a que han sido trasplantados de h\u00edgado.<\/div>\n<p style=\"text-align: left;\"><span style=\"color: #222222; font-family: arial, sans-serif; font-size: 13px; line-height: normal; text-align: start;\">&nbsp;<\/span><\/p>\n<div style=\"color: #222222; font-family: arial, sans-serif; font-size: 13px; line-height: normal; text-align: start;\">Para terminar, pudieron emocionarse con un \u00abpowet point\u00bb que prepar\u00f3 la asociaci\u00f3n para la ocasi\u00f3n.<\/div>\n<p style=\"text-align: left;\"><span style=\"color: #222222; font-family: arial, sans-serif; font-size: 13px; line-height: normal; text-align: start;\">&nbsp;<\/span><\/p>\n<div style=\"color: #222222; font-family: arial, sans-serif; font-size: 13px; line-height: normal; text-align: start;\">El alumnado asisiti\u00f3 interesado y tuvo un comportamiento ejemplar, como as\u00ed lo han hecho saber los propios miembros de la asociaci\u00f3n.<\/div>\n<p style=\"text-align: left;\"><span style=\"color: #222222; font-family: arial, sans-serif; font-size: 13px; line-height: normal; text-align: start;\">&nbsp;<img loading=\"lazy\" class=\" size-full wp-image-419\" style=\"vertical-align: middle; display: block; margin-left: auto; margin-right: auto;\" src=\"https:\/\/iesalhama.educacion.navarra.es\/web1\/wp-content\/uploads\/2014\/12\/atehna%20_2013-14_001.JPG\" alt=\"atehna  2013-14 001\" width=\"710\" height=\"473\" \/><\/span><\/p>\n<p style=\"text-align: left;\">&nbsp;<\/p>\n<p style=\"text-align: left;\">&nbsp;<\/p>\n<p style=\"text-align: left;\">&nbsp;<\/p>\n<p style=\"text-align: left;\"><img loading=\"lazy\" class=\" size-full wp-image-420\" style=\"font-size: 12.0120115280151px; line-height: 27.3873863220215px; display: block; margin-left: auto; margin-right: auto;\" src=\"https:\/\/iesalhama.educacion.navarra.es\/web1\/wp-content\/uploads\/2014\/12\/atehna%20_2013-14_005.JPG\" alt=\"atehna  2013-14 005\" width=\"701\" height=\"467\" \/><\/p>\n<p style=\"text-align: left;\">&nbsp;<\/p>\n<p style=\"text-align: left;\">&nbsp;<\/p>\n<p style=\"text-align: left;\">&nbsp;<\/p>\n<p style=\"text-align: left;\"><img loading=\"lazy\" class=\" size-full wp-image-421\" style=\"font-size: 12.0120115280151px; line-height: 27.3873863220215px; display: block; margin-left: auto; margin-right: auto;\" src=\"https:\/\/iesalhama.educacion.navarra.es\/web1\/wp-content\/uploads\/2014\/12\/atehna%20_2013-14_002.JPG\" alt=\"atehna  2013-14 002\" width=\"693\" height=\"463\" \/><\/p>\n<p style=\"text-align: left;\">&nbsp;<\/p>\n<p style=\"text-align: left;\"><img loading=\"lazy\" class=\" size-full wp-image-422\" style=\"font-size: 12.0120115280151px; line-height: 27.3873863220215px; display: block; margin-left: auto; margin-right: auto;\" src=\"https:\/\/iesalhama.educacion.navarra.es\/web1\/wp-content\/uploads\/2014\/12\/atehna%20_2013-14_003.JPG\" alt=\"atehna  2013-14 003\" width=\"701\" height=\"467\" \/><\/p>\n<p style=\"text-align: left;\">&nbsp;<\/p>\n<p style=\"text-align: left;\">&nbsp;<\/p>\n<p style=\"text-align: left;\"><img loading=\"lazy\" class=\" size-full wp-image-423\" style=\"font-size: 12.0120115280151px; line-height: 27.3873863220215px; display: block; margin-left: auto; margin-right: auto;\" src=\"https:\/\/iesalhama.educacion.navarra.es\/web1\/wp-content\/uploads\/2014\/12\/atehna%20_2013-14_004.JPG\" alt=\"atehna  2013-14 004\" width=\"705\" height=\"471\" \/><\/p>\n","protected":false},"excerpt":{"rendered":"<p>&nbsp; &nbsp; &nbsp; Ayer 16 de diciembre, el alumnado de 1\u00ba de Bachillerato, asisti\u00f3 a una charla sobre la donaci\u00f3n de \u00f3rganos impartida por la asociaci\u00f3n ATEHNA (Asociaci\u00f3n de Trasplantados y Enfermos hep\u00e1ticos de Navarra). Adem\u00e1s de visionar un v\u00eddeo sobre el tema, pudieron compartir experiencias con personas que est\u00e1n vivas gracias a que han [&hellip;]<\/p>\n","protected":false},"author":1,"featured_media":419,"comment_status":"open","ping_status":"open","sticky":false,"template":"","format":"standard","meta":{"_genesis_hide_title":false,"_genesis_hide_breadcrumbs":false,"_genesis_hide_singular_image":false,"_genesis_hide_footer_widgets":false,"_genesis_custom_body_class":"","_genesis_custom_post_class":"","_genesis_layout":""},"categories":[1],"tags":[],"_links":{"self":[{"href":"https:\/\/iesalhama.educacion.navarra.es\/web1\/wp-json\/wp\/v2\/posts\/424"}],"collection":[{"href":"https:\/\/iesalhama.educacion.navarra.es\/web1\/wp-json\/wp\/v2\/posts"}],"about":[{"href":"https:\/\/iesalhama.educacion.navarra.es\/web1\/wp-json\/wp\/v2\/types\/post"}],"author":[{"embeddable":true,"href":"https:\/\/iesalhama.educacion.navarra.es\/web1\/wp-json\/wp\/v2\/users\/1"}],"replies":[{"embeddable":true,"href":"https:\/\/iesalhama.educacion.navarra.es\/web1\/wp-json\/wp\/v2\/comments?post=424"}],"version-history":[{"count":0,"href":"https:\/\/iesalhama.educacion.navarra.es\/web1\/wp-json\/wp\/v2\/posts\/424\/revisions"}],"wp:featuredmedia":[{"embeddable":true,"href":"https:\/\/iesalhama.educacion.navarra.es\/web1\/wp-json\/wp\/v2\/media\/419"}],"wp:attachment":[{"href":"https:\/\/iesalhama.educacion.navarra.es\/web1\/wp-json\/wp\/v2\/media?parent=424"}],"wp:term":[{"taxonomy":"category","embeddable":true,"href":"https:\/\/iesalhama.educacion.navarra.es\/web1\/wp-json\/wp\/v2\/categories?post=424"},{"taxonomy":"post_tag","embeddable":true,"href":"https:\/\/iesalhama.educacion.navarra.es\/web1\/wp-json\/wp\/v2\/tags?post=424"}],"curies":[{"name":"wp","href":"https:\/\/api.w.org\/{rel}","templated":true}]}}