{"id":435,"date":"2015-01-13T13:11:34","date_gmt":"2015-01-13T12:11:34","guid":{"rendered":"https:\/\/iesalhama.educacion.navarra.es\/web1\/blog\/2015\/01\/13\/becas-estudia-en-canada2015-2\/"},"modified":"2015-01-13T13:11:34","modified_gmt":"2015-01-13T12:11:34","slug":"becas-estudia-en-canada2015-2","status":"publish","type":"post","link":"https:\/\/iesalhama.educacion.navarra.es\/web1\/becas-estudia-en-canada2015-2\/","title":{"rendered":"* 4\u00ba de ESO  Programa Becas Estudia en Canad\u00e1"},"content":{"rendered":"\n<p style=\"margin-left: 30px; font-size: 12.222222328186px; line-height: 20.2666664123535px; text-align: justify;\"><span style=\"font-family: Arial; font-size: 12pt; line-height: 20.2666664123535px;\">&nbsp;<\/span><\/p>\n<p style=\"margin-left: 30px; font-size: 12.222222328186px; line-height: 20.2666664123535px; text-align: justify;\"><span style=\"font-family: Arial; font-size: 12pt; line-height: 20.2666664123535px;\">Informaci\u00f3n de inter\u00e9s para todos los alumnos de&nbsp;<\/span><span style=\"font-size: 15.5555562973022px; color: #800000;\"><strong style=\"font-size: 15.5555562973022px;\">4\u00ba de ESO<\/strong>.<\/span><\/p>\n<p style=\"margin-left: 30px; font-size: 12.222222328186px; line-height: 20.2666664123535px; text-align: justify;\"><span style=\"font-size: 15.5555562973022px; color: #800000;\">&nbsp;<\/span><\/p>\n<p style=\"margin-left: 30px; font-size: 12.222222328186px; line-height: 20.2666664123535px; text-align: justify;\"><span style=\"font-family: arial, helvetica, sans-serif; font-size: 12pt; line-height: normal;\">En los <\/span><strong style=\"font-family: arial, helvetica, sans-serif; font-size: 12pt; line-height: normal;\"><span style=\"color: #0000ff;\"><a href=\"http:\/\/www.faortega.org\/es\/proyectos.htm\"><span style=\"color: #0000ff;\">http:\/\/www.faortega.org\/es\/proyectos.htm<\/span><\/a><\/span><\/strong><span style=\"font-family: arial, helvetica, sans-serif; font-size: 12pt; line-height: normal;\">&nbsp;y&nbsp;<\/span><strong style=\"font-family: arial, helvetica, sans-serif; font-size: 12pt; line-height: normal;\"><a style=\"color: #1155cc;\" href=\"http:\/\/www.faortega.org\/\" target=\"_blank\">&nbsp;<\/a><span style=\"color: #0000ff;\"><a href=\"http:\/\/www.faortega.org\/\"><span style=\"color: #0000ff;\">http:\/\/www.faortega.org\/<\/span><\/a><\/span>&nbsp;<\/strong><span style=\"font-family: arial, helvetica, sans-serif; font-size: 12pt; line-height: normal;\">encontrar\u00e1n los detalles de la nueva convocatoria de <span style=\"text-decoration: underline;\">becas de la Fundaci\u00f3n Amancio Ortega para estudiar Bachillerato en EEUU y Canad\u00e1<\/span>.<\/span><\/p>\n<p style=\"margin-left: 30px; font-size: 12.222222328186px; line-height: 20.2666664123535px; text-align: justify;\"><span style=\"font-family: arial, helvetica, sans-serif; font-size: 12pt; line-height: normal;\">&nbsp;<\/span><\/p>\n<p style=\"font-size: 12.222222328186px; line-height: 20.2666664123535px; text-align: center;\"><span style=\"color: #800000;\"><span style=\"font-family: arial, helvetica, sans-serif; font-size: 12pt; line-height: normal;\">&nbsp;<\/span><strong style=\"color: #222222; font-family: arial, sans-serif; font-size: 12.7272720336914px; line-height: normal;\"><span style=\"font-family: arial, helvetica, sans-serif; font-size: 12pt;\">El plazo se abri\u00f3 ayer 7 de enero y finalizar\u00e1 el pr\u00f3ximo 9 de febrero.<\/span><\/strong><\/span><\/p>\n<p style=\"margin-left: 60px; font-size: 12.222222328186px; line-height: 20.2666664123535px; text-align: justify;\"><span style=\"color: #222222; font-family: arial, sans-serif; font-size: 12.7272720336914px; line-height: normal;\">&nbsp;<\/span><\/p>\n<p style=\"margin-top: 0px; margin-bottom: 0px; color: #222222; font-family: arial, sans-serif; font-size: 12.7272720336914px; line-height: normal; text-align: left; margin-left: 30px;\"><span style=\"color: black; font-family: arial, helvetica, sans-serif; font-size: 12pt;\">&nbsp;<\/span><span style=\"font-family: arial, helvetica, sans-serif; font-size: 12pt; color: #800000;\"><strong>FUNDACION AMANCIO ORTEGA<\/strong><\/span><\/p>\n<p style=\"margin-top: 0px; margin-bottom: 0px; color: #222222; font-family: arial, sans-serif; font-size: 12.7272720336914px; line-height: normal; text-align: left; margin-left: 60px;\"><span style=\"font-family: arial, helvetica, sans-serif; font-size: 12pt; color: #000000;\">Avda. de la Diputaci\u00f3n s\/n&nbsp;<br \/>15142 Arteixo, La Coru\u00f1a&nbsp;<br \/>Espa\u00f1a&nbsp;tel: (34) 981 18 55 96&nbsp;<br \/>fax: (34) 981 18 55 95<\/span><\/p>\n<p style=\"margin-left: 30px; font-size: 12.222222328186px; line-height: 20.2666664123535px; text-align: justify;\"><span style=\"font-size: 12pt; font-family: Arial;\">&nbsp;<\/span><\/p>\n<p style=\"margin-left: 30px; font-size: 12.222222328186px; line-height: 20.2666664123535px;\"><span style=\"font-size: 12pt; font-family: Arial;\">&nbsp;<\/span><\/p>\n","protected":false},"excerpt":{"rendered":"<p>&nbsp; Informaci\u00f3n de inter\u00e9s para todos los alumnos de&nbsp;4\u00ba de ESO. &nbsp; En los http:\/\/www.faortega.org\/es\/proyectos.htm&nbsp;y&nbsp;&nbsp;http:\/\/www.faortega.org\/&nbsp;encontrar\u00e1n los detalles de la nueva convocatoria de becas de la Fundaci\u00f3n Amancio Ortega para estudiar Bachillerato en EEUU y Canad\u00e1. &nbsp; &nbsp;El plazo se abri\u00f3 ayer 7 de enero y finalizar\u00e1 el pr\u00f3ximo 9 de febrero. &nbsp; &nbsp;FUNDACION AMANCIO ORTEGA [&hellip;]<\/p>\n","protected":false},"author":1,"featured_media":0,"comment_status":"open","ping_status":"open","sticky":false,"template":"","format":"standard","meta":{"_genesis_hide_title":false,"_genesis_hide_breadcrumbs":false,"_genesis_hide_singular_image":false,"_genesis_hide_footer_widgets":false,"_genesis_custom_body_class":"","_genesis_custom_post_class":"","_genesis_layout":""},"categories":[1],"tags":[],"_links":{"self":[{"href":"https:\/\/iesalhama.educacion.navarra.es\/web1\/wp-json\/wp\/v2\/posts\/435"}],"collection":[{"href":"https:\/\/iesalhama.educacion.navarra.es\/web1\/wp-json\/wp\/v2\/posts"}],"about":[{"href":"https:\/\/iesalhama.educacion.navarra.es\/web1\/wp-json\/wp\/v2\/types\/post"}],"author":[{"embeddable":true,"href":"https:\/\/iesalhama.educacion.navarra.es\/web1\/wp-json\/wp\/v2\/users\/1"}],"replies":[{"embeddable":true,"href":"https:\/\/iesalhama.educacion.navarra.es\/web1\/wp-json\/wp\/v2\/comments?post=435"}],"version-history":[{"count":0,"href":"https:\/\/iesalhama.educacion.navarra.es\/web1\/wp-json\/wp\/v2\/posts\/435\/revisions"}],"wp:attachment":[{"href":"https:\/\/iesalhama.educacion.navarra.es\/web1\/wp-json\/wp\/v2\/media?parent=435"}],"wp:term":[{"taxonomy":"category","embeddable":true,"href":"https:\/\/iesalhama.educacion.navarra.es\/web1\/wp-json\/wp\/v2\/categories?post=435"},{"taxonomy":"post_tag","embeddable":true,"href":"https:\/\/iesalhama.educacion.navarra.es\/web1\/wp-json\/wp\/v2\/tags?post=435"}],"curies":[{"name":"wp","href":"https:\/\/api.w.org\/{rel}","templated":true}]}}